{"id":201950,"date":"2025-08-06T05:32:27","date_gmt":"2025-08-06T09:32:27","guid":{"rendered":"https:\/\/mspontocom.com.br\/site\/?p=201950"},"modified":"2025-08-06T05:32:27","modified_gmt":"2025-08-06T09:32:27","slug":"aloprado-gilmar-critica-narrativas-contra-stf-apos-prisao-de-bolsonaro","status":"publish","type":"post","link":"http:\/\/mspontocom.com.br\/site\/aloprado-gilmar-critica-narrativas-contra-stf-apos-prisao-de-bolsonaro\/","title":{"rendered":"Aloprado, Gilmar critica \u201cnarrativas\u201d contra STF ap\u00f3s pris\u00e3o de Bolsonaro"},"content":{"rendered":"<p style=\"text-align: justify;\"><img loading=\"lazy\" class=\"alignnone size-full wp-image-201959\" src=\"http:\/\/mspontocom.com.br\/site\/wp-content\/uploads\/2025\/08\/site-alogilmar-critica-narrativas-contra-stf-apos-prisao-de-bolsonaro-gilmar.jpg\" alt=\"\" width=\"800\" height=\"545\" srcset=\"http:\/\/mspontocom.com.br\/site\/wp-content\/uploads\/2025\/08\/site-alogilmar-critica-narrativas-contra-stf-apos-prisao-de-bolsonaro-gilmar.jpg 800w, http:\/\/mspontocom.com.br\/site\/wp-content\/uploads\/2025\/08\/site-alogilmar-critica-narrativas-contra-stf-apos-prisao-de-bolsonaro-gilmar-260x177.jpg 260w, http:\/\/mspontocom.com.br\/site\/wp-content\/uploads\/2025\/08\/site-alogilmar-critica-narrativas-contra-stf-apos-prisao-de-bolsonaro-gilmar-768x523.jpg 768w\" sizes=\"(max-width: 800px) 100vw, 800px\" \/>O ministro Gilmar Mendes assumiu nesta 3\u00aa feira\u00a0 a presid\u00eancia da 2\u00aa Turma do STF.<\/p>\n<p style=\"text-align: justify;\">Na abertura da sess\u00e3o, afirmou que a Corte tem o dever de reafirmar sua atua\u00e7\u00e3o institucional diante de uma \u201cavalanche de fake news\u201d e de \u201cnarrativas fabricadas\u201d.<\/p>\n<blockquote><p><em>\u201cVivemos uma era de fluxos vertiginosos de informa\u00e7\u00e3o e desinforma\u00e7\u00e3o. A sociedade tem se afundado na polariza\u00e7\u00e3o, nas tens\u00f5es pol\u00edticas e em ataques sistem\u00e1ticos \u2014 quando n\u00e3o frontais\u2014 \u00e0 democracia. A verdade, como dizia Santa Teresa de \u00c1vila, padece, mas n\u00e3o perece. Cabe ao Supremo mostrar ao pa\u00eds a verdade sobre sua atua\u00e7\u00e3o, tanto no Plen\u00e1rio quanto nas Turmas\u201d,<\/em> afirmou o ministro.<\/p><\/blockquote>\n<p style=\"text-align: justify;\">Segundo Gilmar, o STF tem atuado com \u201crigoroso compromisso com a Constitui\u00e7\u00e3o, a seguran\u00e7a jur\u00eddica e o Estado Democr\u00e1tico de Direito\u201d.<\/p>\n<p style=\"text-align: justify;\">Gilmar tamb\u00e9m criticou as investidas contra Alexandre de Moraes, relator dos processos sobre a tentativa de golpe em 8 de janeiro de 2023, afirmando que as a\u00e7\u00f5es contra o colega \u201cpartem de radicais inconformados com a derrota do seu grupo pol\u00edtico nas \u00faltimas elei\u00e7\u00f5es\u201d.<\/p>\n<p style=\"text-align: justify;\">\n","protected":false},"excerpt":{"rendered":"<p>O ministro Gilmar Mendes assumiu nesta 3\u00aa feira\u00a0 a presid\u00eancia da 2\u00aa Turma do STF. Na abertura da sess\u00e3o, afirmou que a Corte tem o dever de reafirmar sua atua\u00e7\u00e3o institucional diante de uma \u201cavalanche de fake news\u201d e de \u201cnarrativas fabricadas\u201d. \u201cVivemos uma era de fluxos vertiginosos de informa\u00e7\u00e3o e desinforma\u00e7\u00e3o. A sociedade tem [&hellip;]<\/p>\n","protected":false},"author":2,"featured_media":201959,"comment_status":"open","ping_status":"open","sticky":false,"template":"","format":"standard","meta":{"_monsterinsights_skip_tracking":false,"_monsterinsights_sitenote_active":false,"_monsterinsights_sitenote_note":"","_monsterinsights_sitenote_category":0},"categories":[6,30260,30259,12],"tags":[24747,40904,40613,43372,3014],"aioseo_notices":[],"_links":{"self":[{"href":"http:\/\/mspontocom.com.br\/site\/wp-json\/wp\/v2\/posts\/201950"}],"collection":[{"href":"http:\/\/mspontocom.com.br\/site\/wp-json\/wp\/v2\/posts"}],"about":[{"href":"http:\/\/mspontocom.com.br\/site\/wp-json\/wp\/v2\/types\/post"}],"author":[{"embeddable":true,"href":"http:\/\/mspontocom.com.br\/site\/wp-json\/wp\/v2\/users\/2"}],"replies":[{"embeddable":true,"href":"http:\/\/mspontocom.com.br\/site\/wp-json\/wp\/v2\/comments?post=201950"}],"version-history":[{"count":2,"href":"http:\/\/mspontocom.com.br\/site\/wp-json\/wp\/v2\/posts\/201950\/revisions"}],"predecessor-version":[{"id":201960,"href":"http:\/\/mspontocom.com.br\/site\/wp-json\/wp\/v2\/posts\/201950\/revisions\/201960"}],"wp:featuredmedia":[{"embeddable":true,"href":"http:\/\/mspontocom.com.br\/site\/wp-json\/wp\/v2\/media\/201959"}],"wp:attachment":[{"href":"http:\/\/mspontocom.com.br\/site\/wp-json\/wp\/v2\/media?parent=201950"}],"wp:term":[{"taxonomy":"category","embeddable":true,"href":"http:\/\/mspontocom.com.br\/site\/wp-json\/wp\/v2\/categories?post=201950"},{"taxonomy":"post_tag","embeddable":true,"href":"http:\/\/mspontocom.com.br\/site\/wp-json\/wp\/v2\/tags?post=201950"}],"curies":[{"name":"wp","href":"https:\/\/api.w.org\/{rel}","templated":true}]}}