{"id":201952,"date":"2025-08-06T05:03:55","date_gmt":"2025-08-06T09:03:55","guid":{"rendered":"https:\/\/mspontocom.com.br\/site\/?p=201952"},"modified":"2025-08-06T05:03:55","modified_gmt":"2025-08-06T09:03:55","slug":"moro-defende-anistia-do-8-de-janeiro-e-fim-do-foro-privilegiado","status":"publish","type":"post","link":"http:\/\/mspontocom.com.br\/site\/moro-defende-anistia-do-8-de-janeiro-e-fim-do-foro-privilegiado\/","title":{"rendered":"Moro defende anistia do 8 de janeiro e fim do foro privilegiado"},"content":{"rendered":"<p style=\"text-align: justify;\"><img loading=\"lazy\" class=\"alignnone size-full wp-image-201953\" src=\"http:\/\/mspontocom.com.br\/site\/wp-content\/uploads\/2025\/08\/site-moro-defende-anistia-do-8-de-e-o-fim-do-foro-privilegiado-moro-preside.jpg\" alt=\"\" width=\"768\" height=\"512\" srcset=\"http:\/\/mspontocom.com.br\/site\/wp-content\/uploads\/2025\/08\/site-moro-defende-anistia-do-8-de-e-o-fim-do-foro-privilegiado-moro-preside.jpg 768w, http:\/\/mspontocom.com.br\/site\/wp-content\/uploads\/2025\/08\/site-moro-defende-anistia-do-8-de-e-o-fim-do-foro-privilegiado-moro-preside-260x173.jpg 260w\" sizes=\"(max-width: 768px) 100vw, 768px\" \/>Em um momento de crescente tens\u00e3o entre os Poderes e sob a repercuss\u00e3o das den\u00fancias envolvendo o ministro<strong> Alexandre de Moraes,<\/strong> do STF, o senador <strong>Sergio Moro<\/strong> defendeu o distensionamento pol\u00edtico e institucional no pa\u00eds.<\/p>\n<p style=\"text-align: justify;\">Ex-juiz e ex-ministro da Justi\u00e7a de Jair Bolsonaro aproveitou para defender a retomada de debates considerados centrais para o reequil\u00edbrio institucional, como a <strong>anistia<\/strong> aos envolvidos nos atos de 8 de janeiro e o<strong> fim do foro privilegiado. <\/strong><\/p>\n<p style=\"text-align: justify;\">As duas pautas integram o chamado \u201cpacote da paz\u201d, j\u00e1 defendido por parlamentares da oposi\u00e7\u00e3o.<\/p>\n<blockquote>\n<p class=\"texto\" style=\"text-align: justify;\"><em>\u201cTemos que discutir realmente a anistia, o fim do foro privilegiado. S\u00e3o temas importantes para a gente avan\u00e7ar institucionalmente\u201d, refor\u00e7ou.<\/em><\/p>\n<\/blockquote>\n","protected":false},"excerpt":{"rendered":"<p>Em um momento de crescente tens\u00e3o entre os Poderes e sob a repercuss\u00e3o das den\u00fancias envolvendo o ministro Alexandre de Moraes, do STF, o senador Sergio Moro defendeu o distensionamento pol\u00edtico e institucional no pa\u00eds. Ex-juiz e ex-ministro da Justi\u00e7a de Jair Bolsonaro aproveitou para defender a retomada de debates considerados centrais para o reequil\u00edbrio [&hellip;]<\/p>\n","protected":false},"author":2,"featured_media":201953,"comment_status":"open","ping_status":"open","sticky":false,"template":"","format":"standard","meta":{"_monsterinsights_skip_tracking":false,"_monsterinsights_sitenote_active":false,"_monsterinsights_sitenote_note":"","_monsterinsights_sitenote_category":0},"categories":[12],"tags":[39051,979,24196,23712,23158],"aioseo_notices":[],"_links":{"self":[{"href":"http:\/\/mspontocom.com.br\/site\/wp-json\/wp\/v2\/posts\/201952"}],"collection":[{"href":"http:\/\/mspontocom.com.br\/site\/wp-json\/wp\/v2\/posts"}],"about":[{"href":"http:\/\/mspontocom.com.br\/site\/wp-json\/wp\/v2\/types\/post"}],"author":[{"embeddable":true,"href":"http:\/\/mspontocom.com.br\/site\/wp-json\/wp\/v2\/users\/2"}],"replies":[{"embeddable":true,"href":"http:\/\/mspontocom.com.br\/site\/wp-json\/wp\/v2\/comments?post=201952"}],"version-history":[{"count":1,"href":"http:\/\/mspontocom.com.br\/site\/wp-json\/wp\/v2\/posts\/201952\/revisions"}],"predecessor-version":[{"id":201954,"href":"http:\/\/mspontocom.com.br\/site\/wp-json\/wp\/v2\/posts\/201952\/revisions\/201954"}],"wp:featuredmedia":[{"embeddable":true,"href":"http:\/\/mspontocom.com.br\/site\/wp-json\/wp\/v2\/media\/201953"}],"wp:attachment":[{"href":"http:\/\/mspontocom.com.br\/site\/wp-json\/wp\/v2\/media?parent=201952"}],"wp:term":[{"taxonomy":"category","embeddable":true,"href":"http:\/\/mspontocom.com.br\/site\/wp-json\/wp\/v2\/categories?post=201952"},{"taxonomy":"post_tag","embeddable":true,"href":"http:\/\/mspontocom.com.br\/site\/wp-json\/wp\/v2\/tags?post=201952"}],"curies":[{"name":"wp","href":"https:\/\/api.w.org\/{rel}","templated":true}]}}