{"id":201982,"date":"2025-08-07T05:19:25","date_gmt":"2025-08-07T09:19:25","guid":{"rendered":"https:\/\/mspontocom.com.br\/site\/?p=201982"},"modified":"2025-08-07T05:19:25","modified_gmt":"2025-08-07T09:19:25","slug":"eua-ameacam-todo-stf-com-magnitsky-se-apoiarem-moraes","status":"publish","type":"post","link":"http:\/\/mspontocom.com.br\/site\/eua-ameacam-todo-stf-com-magnitsky-se-apoiarem-moraes\/","title":{"rendered":"EUA amea\u00e7am todo STF com Magnitsky se apoiarem Moraes"},"content":{"rendered":"<p style=\"text-align: justify;\"><img loading=\"lazy\" class=\"alignnone size-full wp-image-201984\" src=\"http:\/\/mspontocom.com.br\/site\/wp-content\/uploads\/2025\/08\/site-eua-ameacam-todo-stf-com-magnitsky-se-apoiarem-moraes-stf2-e1754558103132.jpg\" alt=\"\" width=\"1492\" height=\"854\" srcset=\"http:\/\/mspontocom.com.br\/site\/wp-content\/uploads\/2025\/08\/site-eua-ameacam-todo-stf-com-magnitsky-se-apoiarem-moraes-stf2-e1754558103132.jpg 1492w, http:\/\/mspontocom.com.br\/site\/wp-content\/uploads\/2025\/08\/site-eua-ameacam-todo-stf-com-magnitsky-se-apoiarem-moraes-stf2-e1754558103132-260x149.jpg 260w, http:\/\/mspontocom.com.br\/site\/wp-content\/uploads\/2025\/08\/site-eua-ameacam-todo-stf-com-magnitsky-se-apoiarem-moraes-stf2-e1754558103132-1024x586.jpg 1024w, http:\/\/mspontocom.com.br\/site\/wp-content\/uploads\/2025\/08\/site-eua-ameacam-todo-stf-com-magnitsky-se-apoiarem-moraes-stf2-e1754558103132-768x440.jpg 768w\" sizes=\"(max-width: 1492px) 100vw, 1492px\" \/>O subsecret\u00e1rio da Diplomacia P\u00fablica dos Estados Unidos, Darren Beattie, afirmou nesta 4\u00aa feira que o ministro<strong> Alexandre de Moraes<\/strong>, do STF , \u00e9 o \u201cprincipal arquiteto da censura e do complexo de persegui\u00e7\u00e3o direcionado a Bolsonaro e seus apoiadores\u201d e que os <strong>\u201caliados\u201d do magistrado no Supremo<\/strong> \u201cs\u00e3o fortemente aconselhados a n\u00e3o auxiliar ou encorajar o comportamento de Moraes\u201d.<\/p>\n<p style=\"text-align: justify;\">Em postagem no X (ex-Twitter), afirmou que os \u201cflagrantes abusos de direitos humanos\u201d atribu\u00eddos a Moraes motivaram a aplica\u00e7\u00e3o de puni\u00e7\u00f5es com base na Lei Magnitsky, utilizada para impor san\u00e7\u00f5es a autoridades estrangeiras acusadas de viola\u00e7\u00f5es de direitos humanos.<\/p>\n<p style=\"text-align: justify;\"><strong><span style=\"font-size: 18pt;\">LEI MAGNITSKY <\/span><\/strong><\/p>\n<p style=\"text-align: justify;\">O Magnitsky Act, aprovado em 2012, autoriza o governo dos EUA a bloquear recursos financeiros e vetar a entrada de estrangeiros de qualquer nacionalidade.<\/p>\n<p style=\"text-align: justify;\">A legisla\u00e7\u00e3o foi criada para punir autoridades russas, mas foi ampliada para cidad\u00e3os de todos os pa\u00edses em 2016, com a aprova\u00e7\u00e3o do Global Magnitsky Human Rights Accountability Act.<\/p>\n<p>fonte: Di\u00e1rio do Poder<\/p>\n","protected":false},"excerpt":{"rendered":"<p>O subsecret\u00e1rio da Diplomacia P\u00fablica dos Estados Unidos, Darren Beattie, afirmou nesta 4\u00aa feira que o ministro Alexandre de Moraes, do STF , \u00e9 o \u201cprincipal arquiteto da censura e do complexo de persegui\u00e7\u00e3o direcionado a Bolsonaro e seus apoiadores\u201d e que os \u201caliados\u201d do magistrado no Supremo \u201cs\u00e3o fortemente aconselhados a n\u00e3o auxiliar ou [&hellip;]<\/p>\n","protected":false},"author":2,"featured_media":201984,"comment_status":"open","ping_status":"open","sticky":false,"template":"","format":"standard","meta":{"_monsterinsights_skip_tracking":false,"_monsterinsights_sitenote_active":false,"_monsterinsights_sitenote_note":"","_monsterinsights_sitenote_category":0},"categories":[30260,2528,7,30259,12],"tags":[25720,43375,1539,43374,35247,3014],"aioseo_notices":[],"_links":{"self":[{"href":"http:\/\/mspontocom.com.br\/site\/wp-json\/wp\/v2\/posts\/201982"}],"collection":[{"href":"http:\/\/mspontocom.com.br\/site\/wp-json\/wp\/v2\/posts"}],"about":[{"href":"http:\/\/mspontocom.com.br\/site\/wp-json\/wp\/v2\/types\/post"}],"author":[{"embeddable":true,"href":"http:\/\/mspontocom.com.br\/site\/wp-json\/wp\/v2\/users\/2"}],"replies":[{"embeddable":true,"href":"http:\/\/mspontocom.com.br\/site\/wp-json\/wp\/v2\/comments?post=201982"}],"version-history":[{"count":2,"href":"http:\/\/mspontocom.com.br\/site\/wp-json\/wp\/v2\/posts\/201982\/revisions"}],"predecessor-version":[{"id":201985,"href":"http:\/\/mspontocom.com.br\/site\/wp-json\/wp\/v2\/posts\/201982\/revisions\/201985"}],"wp:featuredmedia":[{"embeddable":true,"href":"http:\/\/mspontocom.com.br\/site\/wp-json\/wp\/v2\/media\/201984"}],"wp:attachment":[{"href":"http:\/\/mspontocom.com.br\/site\/wp-json\/wp\/v2\/media?parent=201982"}],"wp:term":[{"taxonomy":"category","embeddable":true,"href":"http:\/\/mspontocom.com.br\/site\/wp-json\/wp\/v2\/categories?post=201982"},{"taxonomy":"post_tag","embeddable":true,"href":"http:\/\/mspontocom.com.br\/site\/wp-json\/wp\/v2\/tags?post=201982"}],"curies":[{"name":"wp","href":"https:\/\/api.w.org\/{rel}","templated":true}]}}