{"id":202013,"date":"2025-08-08T06:59:34","date_gmt":"2025-08-08T10:59:34","guid":{"rendered":"https:\/\/mspontocom.com.br\/site\/?p=202013"},"modified":"2025-08-08T06:59:34","modified_gmt":"2025-08-08T10:59:34","slug":"tarcisio-e-aprovado-por-624-dos-paulistanos-diz-pesquisa","status":"publish","type":"post","link":"http:\/\/mspontocom.com.br\/site\/tarcisio-e-aprovado-por-624-dos-paulistanos-diz-pesquisa\/","title":{"rendered":"Tarc\u00edsio \u00e9 aprovado por 62,4% dos paulistanos, diz pesquisa"},"content":{"rendered":"<p style=\"text-align: justify;\"><img loading=\"lazy\" class=\"alignnone size-full wp-image-202030\" src=\"http:\/\/mspontocom.com.br\/site\/wp-content\/uploads\/2025\/08\/site-tarcisio-e-aprovado-por-624-dos-paulistanos-diz-pesquisa-tarcisio-bolsonaro.webp\" alt=\"\" width=\"924\" height=\"616\" srcset=\"http:\/\/mspontocom.com.br\/site\/wp-content\/uploads\/2025\/08\/site-tarcisio-e-aprovado-por-624-dos-paulistanos-diz-pesquisa-tarcisio-bolsonaro.webp 924w, http:\/\/mspontocom.com.br\/site\/wp-content\/uploads\/2025\/08\/site-tarcisio-e-aprovado-por-624-dos-paulistanos-diz-pesquisa-tarcisio-bolsonaro-260x173.webp 260w, http:\/\/mspontocom.com.br\/site\/wp-content\/uploads\/2025\/08\/site-tarcisio-e-aprovado-por-624-dos-paulistanos-diz-pesquisa-tarcisio-bolsonaro-768x512.webp 768w\" sizes=\"(max-width: 924px) 100vw, 924px\" \/>Levantamento da Paran\u00e1 Pesquisas divulgado nesta 5\u00aa feira mostra que 62,4% dos eleitores do paulistanos aprovam do atual governador do Estado de S\u00e3o Paulo, Tarc\u00edsio de Freitas, enquanto 32,3% desaprovam.<\/p>\n<p style=\"text-align: justify;\">Outros 5,4% n\u00e3o souberam opinar ou n\u00e3o responderam.<\/p>\n<p style=\"text-align: justify;\">Na pergunta sobre a avalia\u00e7\u00e3o do governo de Tarc\u00edsio, a maior parte dos eleitores (33,6%) diz avaliar a administra\u00e7\u00e3o como \u201cboa\u201d e 11,4% dizem considerar \u201c\u00f3tima\u201d.<\/p>\n<p style=\"text-align: justify;\">A Paran\u00e1 Pesquisas entrevistou 1.020 eleitores do munic\u00edpio de S\u00e3o Paulo, de 2 a 6 de agosto de 2025.<\/p>\n<p>A margem de erro da pesquisa \u00e9 de 3,1 pontos percentuais, com 95,0% de grau de confian\u00e7a.<\/p>\n","protected":false},"excerpt":{"rendered":"<p>Levantamento da Paran\u00e1 Pesquisas divulgado nesta 5\u00aa feira mostra que 62,4% dos eleitores do paulistanos aprovam do atual governador do Estado de S\u00e3o Paulo, Tarc\u00edsio de Freitas, enquanto 32,3% desaprovam. Outros 5,4% n\u00e3o souberam opinar ou n\u00e3o responderam. Na pergunta sobre a avalia\u00e7\u00e3o do governo de Tarc\u00edsio, a maior parte dos eleitores (33,6%) diz avaliar [&hellip;]<\/p>\n","protected":false},"author":2,"featured_media":202030,"comment_status":"open","ping_status":"open","sticky":false,"template":"","format":"standard","meta":{"_monsterinsights_skip_tracking":false,"_monsterinsights_sitenote_active":false,"_monsterinsights_sitenote_note":"","_monsterinsights_sitenote_category":0},"categories":[12],"tags":[25795,27152,41360,733,39029],"aioseo_notices":[],"_links":{"self":[{"href":"http:\/\/mspontocom.com.br\/site\/wp-json\/wp\/v2\/posts\/202013"}],"collection":[{"href":"http:\/\/mspontocom.com.br\/site\/wp-json\/wp\/v2\/posts"}],"about":[{"href":"http:\/\/mspontocom.com.br\/site\/wp-json\/wp\/v2\/types\/post"}],"author":[{"embeddable":true,"href":"http:\/\/mspontocom.com.br\/site\/wp-json\/wp\/v2\/users\/2"}],"replies":[{"embeddable":true,"href":"http:\/\/mspontocom.com.br\/site\/wp-json\/wp\/v2\/comments?post=202013"}],"version-history":[{"count":2,"href":"http:\/\/mspontocom.com.br\/site\/wp-json\/wp\/v2\/posts\/202013\/revisions"}],"predecessor-version":[{"id":202031,"href":"http:\/\/mspontocom.com.br\/site\/wp-json\/wp\/v2\/posts\/202013\/revisions\/202031"}],"wp:featuredmedia":[{"embeddable":true,"href":"http:\/\/mspontocom.com.br\/site\/wp-json\/wp\/v2\/media\/202030"}],"wp:attachment":[{"href":"http:\/\/mspontocom.com.br\/site\/wp-json\/wp\/v2\/media?parent=202013"}],"wp:term":[{"taxonomy":"category","embeddable":true,"href":"http:\/\/mspontocom.com.br\/site\/wp-json\/wp\/v2\/categories?post=202013"},{"taxonomy":"post_tag","embeddable":true,"href":"http:\/\/mspontocom.com.br\/site\/wp-json\/wp\/v2\/tags?post=202013"}],"curies":[{"name":"wp","href":"https:\/\/api.w.org\/{rel}","templated":true}]}}