{"id":202015,"date":"2025-08-08T06:48:17","date_gmt":"2025-08-08T10:48:17","guid":{"rendered":"https:\/\/mspontocom.com.br\/site\/?p=202015"},"modified":"2025-08-08T06:48:17","modified_gmt":"2025-08-08T10:48:17","slug":"oposicao-pede-afastamento-de-alcolumbre-por-proteger-moraes","status":"publish","type":"post","link":"http:\/\/mspontocom.com.br\/site\/oposicao-pede-afastamento-de-alcolumbre-por-proteger-moraes\/","title":{"rendered":"Oposi\u00e7\u00e3o pede afastamento de Alcolumbre por proteger Moraes"},"content":{"rendered":"<div id=\"hd80s9wa1h892edh8192\">\n<p style=\"text-align: justify;\"><img loading=\"lazy\" class=\"alignnone size-full wp-image-202027\" src=\"http:\/\/mspontocom.com.br\/site\/wp-content\/uploads\/2025\/08\/site-oposicao-pede-afastamento-de-alcolumbre-por-proteger-moraes-alcolumbre-e-moraes.jpg\" alt=\"\" width=\"1200\" height=\"800\" srcset=\"http:\/\/mspontocom.com.br\/site\/wp-content\/uploads\/2025\/08\/site-oposicao-pede-afastamento-de-alcolumbre-por-proteger-moraes-alcolumbre-e-moraes.jpg 1200w, http:\/\/mspontocom.com.br\/site\/wp-content\/uploads\/2025\/08\/site-oposicao-pede-afastamento-de-alcolumbre-por-proteger-moraes-alcolumbre-e-moraes-260x173.jpg 260w, http:\/\/mspontocom.com.br\/site\/wp-content\/uploads\/2025\/08\/site-oposicao-pede-afastamento-de-alcolumbre-por-proteger-moraes-alcolumbre-e-moraes-1024x683.jpg 1024w, http:\/\/mspontocom.com.br\/site\/wp-content\/uploads\/2025\/08\/site-oposicao-pede-afastamento-de-alcolumbre-por-proteger-moraes-alcolumbre-e-moraes-768x512.jpg 768w\" sizes=\"(max-width: 1200px) 100vw, 1200px\" \/>O deputado federal de oposi\u00e7\u00e3o <strong>Nikolas Ferreira (PL-MG)<\/strong> sugeriu o afastamento do presidente do Senado, Davi Alcolumbre (Uni\u00e3o-AP).<\/p>\n<p style=\"text-align: justify;\">O pedido se deve a uma declara\u00e7\u00e3o do senador.<\/p>\n<p style=\"text-align: justify;\">Alcolumbre disse que n\u00e3o levaria adiante a abertura do processo de impeachment contra o ministro Alexandre de Moraes, do STF.<\/p>\n<p style=\"text-align: justify;\">O senador afirmou a l\u00edderes partid\u00e1rios que \u201cnem se tivesse 81 assinaturas\u201d ele iria pautar a vota\u00e7\u00e3o para afastar ministros da Corte.<\/p>\n<p style=\"text-align: justify;\">Antes, a oposi\u00e7\u00e3o anunciou que conseguiu o apoio de 41 senadores.<\/p>\n<p style=\"text-align: justify;\">Trata-se da maioria da Casa.<\/p>\n<p style=\"text-align: justify;\">Assim, \u00e9 poss\u00edvel iniciar o processo contra Moraes.<\/p>\n<h2 id=\"h-nikolas-entao-serao-dois-impeachments\" class=\"wp-block-heading\" style=\"text-align: justify;\"><strong>Nikolas: \u201cEnt\u00e3o ser\u00e3o dois impeachments\u201d<\/strong><\/h2>\n<p style=\"text-align: justify;\">Alcolumbre, por sua vez, teria reafirmado, durante reuni\u00e3o com l\u00edderes da base governista e da oposi\u00e7\u00e3o, que n\u00e3o daria andamento ao pedido.<\/p>\n<p style=\"text-align: justify;\">Nas redes sociais, Nikolas compartilhou a reportagem e escreveu:<\/p>\n<p style=\"text-align: justify;\"><strong>\u201cEnt\u00e3o ser\u00e3o dois impeachments\u201d.<\/strong><\/p>\n<figure class=\"wp-block-embed is-type-rich is-provider-twitter wp-block-embed-twitter\" style=\"text-align: justify;\"><\/figure>\n<p style=\"text-align: justify;\">Parlamentares da oposi\u00e7\u00e3o ocuparam por dois dias as Mesas Diretoras da C\u00e2mara e do Senado em protesto contra a pris\u00e3o domiciliar imposta por Moraes ao ex-presidente Jair Bolsonaro (PL).<\/p>\n<p style=\"text-align: justify;\">\n<p>&nbsp;<\/p>\n<\/div>\n<p><a href=\"https:\/\/revistaoeste.com\/politica\/nikolas-pede-afastamento-de-alcolumbre-por-proteger-moraes\/\">Via Revista Oeste<\/a><\/p>\n","protected":false},"excerpt":{"rendered":"<p>O deputado federal de oposi\u00e7\u00e3o Nikolas Ferreira (PL-MG) sugeriu o afastamento do presidente do Senado, Davi Alcolumbre (Uni\u00e3o-AP). O pedido se deve a uma declara\u00e7\u00e3o do senador. Alcolumbre disse que n\u00e3o levaria adiante a abertura do processo de impeachment contra o ministro Alexandre de Moraes, do STF. O senador afirmou a l\u00edderes partid\u00e1rios que \u201cnem [&hellip;]<\/p>\n","protected":false},"author":2,"featured_media":202027,"comment_status":"open","ping_status":"open","sticky":false,"template":"","format":"standard","meta":{"_monsterinsights_skip_tracking":false,"_monsterinsights_sitenote_active":false,"_monsterinsights_sitenote_note":"","_monsterinsights_sitenote_category":0},"categories":[6,30260,30259,12],"tags":[3727,33110,35247,4285,43118],"aioseo_notices":[],"_links":{"self":[{"href":"http:\/\/mspontocom.com.br\/site\/wp-json\/wp\/v2\/posts\/202015"}],"collection":[{"href":"http:\/\/mspontocom.com.br\/site\/wp-json\/wp\/v2\/posts"}],"about":[{"href":"http:\/\/mspontocom.com.br\/site\/wp-json\/wp\/v2\/types\/post"}],"author":[{"embeddable":true,"href":"http:\/\/mspontocom.com.br\/site\/wp-json\/wp\/v2\/users\/2"}],"replies":[{"embeddable":true,"href":"http:\/\/mspontocom.com.br\/site\/wp-json\/wp\/v2\/comments?post=202015"}],"version-history":[{"count":2,"href":"http:\/\/mspontocom.com.br\/site\/wp-json\/wp\/v2\/posts\/202015\/revisions"}],"predecessor-version":[{"id":202028,"href":"http:\/\/mspontocom.com.br\/site\/wp-json\/wp\/v2\/posts\/202015\/revisions\/202028"}],"wp:featuredmedia":[{"embeddable":true,"href":"http:\/\/mspontocom.com.br\/site\/wp-json\/wp\/v2\/media\/202027"}],"wp:attachment":[{"href":"http:\/\/mspontocom.com.br\/site\/wp-json\/wp\/v2\/media?parent=202015"}],"wp:term":[{"taxonomy":"category","embeddable":true,"href":"http:\/\/mspontocom.com.br\/site\/wp-json\/wp\/v2\/categories?post=202015"},{"taxonomy":"post_tag","embeddable":true,"href":"http:\/\/mspontocom.com.br\/site\/wp-json\/wp\/v2\/tags?post=202015"}],"curies":[{"name":"wp","href":"https:\/\/api.w.org\/{rel}","templated":true}]}}