{"id":202017,"date":"2025-08-08T06:39:15","date_gmt":"2025-08-08T10:39:15","guid":{"rendered":"https:\/\/mspontocom.com.br\/site\/?p=202017"},"modified":"2025-08-08T06:39:15","modified_gmt":"2025-08-08T10:39:15","slug":"ditadura-fotografo-que-flagrou-gesto-obceno-de-moraes-e-demitido","status":"publish","type":"post","link":"http:\/\/mspontocom.com.br\/site\/ditadura-fotografo-que-flagrou-gesto-obceno-de-moraes-e-demitido\/","title":{"rendered":"DITADURA: Fot\u00f3grafo que flagrou gesto obceno de Moraes \u00e9 demitido"},"content":{"rendered":"<p style=\"text-align: justify;\"><img loading=\"lazy\" class=\"alignnone size-full wp-image-202025\" src=\"http:\/\/mspontocom.com.br\/site\/wp-content\/uploads\/2025\/08\/site-ditadura-fotografo-que-flagrou-gesto-obceno-de-moraes-e-demitido-obceno.jpg\" alt=\"\" width=\"560\" height=\"315\" srcset=\"http:\/\/mspontocom.com.br\/site\/wp-content\/uploads\/2025\/08\/site-ditadura-fotografo-que-flagrou-gesto-obceno-de-moraes-e-demitido-obceno.jpg 560w, http:\/\/mspontocom.com.br\/site\/wp-content\/uploads\/2025\/08\/site-ditadura-fotografo-que-flagrou-gesto-obceno-de-moraes-e-demitido-obceno-260x146.jpg 260w\" sizes=\"(max-width: 560px) 100vw, 560px\" \/><\/p>\n<p style=\"text-align: justify;\">Para quem ainda duvida que vivemos em uma ditadura, principalmente exercida por Lula, e pelo ministro do Supremo Tribunal Federal Alexandre de Moraes e seus pares:<\/p>\n<p style=\"text-align: justify;\">O jornal O Estado de S.Paulo demitiu o fot\u00f3grafo Alex Silva, de 63 anos, autor da imagem que mostra\u00a0 Moraes, fazendo um gesto obsceno \u2014 o dedo do meio \u2014 para torcedores, durante o cl\u00e1ssico entre Corinthians e Palmeiras, em 30 de julho, na Neo Qu\u00edmica Arena.<\/p>\n<p style=\"text-align: justify;\">O registro foi feito no momento em que Moraes reagia a xingamentos vindos das arquibancadas.<\/p>\n<p style=\"text-align: justify;\">A partida marcou a primeira apari\u00e7\u00e3o p\u00fablica do ministro ap\u00f3s ele ser inclu\u00eddo na lista de san\u00e7\u00f5es do governo dos Estados Unidos, com base na Lei Global Magnitsky.<\/p>\n<p style=\"text-align: justify;\">A imagem viralizou nas redes sociais e gerou cr\u00edticas ao magistrado por sua conduta sem decoro no est\u00e1dio.<\/p>\n<p style=\"text-align: justify;\"><span style=\"font-size: 18pt;\"><strong>LOROTA<\/strong><\/span><\/p>\n<p style=\"text-align: justify;\">Em nota oficial, o jornal afirmou que a demiss\u00e3o j\u00e1 estava prevista como parte de uma tal \u201credu\u00e7\u00e3o de quadros da editoria de Fotografia, seguindo crit\u00e9rios exclusivamente administrativos\u201d.<\/p>\n<p style=\"text-align: justify;\">O fot\u00f3grafo, por sua vez, <strong>contesta<\/strong> a vers\u00e3o apresentada pelo ve\u00edculo de comunica\u00e7\u00e3o.<\/p>\n","protected":false},"excerpt":{"rendered":"<p>Para quem ainda duvida que vivemos em uma ditadura, principalmente exercida por Lula, e pelo ministro do Supremo Tribunal Federal Alexandre de Moraes e seus pares: O jornal O Estado de S.Paulo demitiu o fot\u00f3grafo Alex Silva, de 63 anos, autor da imagem que mostra\u00a0 Moraes, fazendo um gesto obsceno \u2014 o dedo do meio [&hellip;]<\/p>\n","protected":false},"author":2,"featured_media":202025,"comment_status":"open","ping_status":"open","sticky":false,"template":"","format":"standard","meta":{"_monsterinsights_skip_tracking":false,"_monsterinsights_sitenote_active":false,"_monsterinsights_sitenote_note":"","_monsterinsights_sitenote_category":0},"categories":[6,30260,30259,12],"tags":[36147,424,36819,43349,35247],"aioseo_notices":[],"_links":{"self":[{"href":"http:\/\/mspontocom.com.br\/site\/wp-json\/wp\/v2\/posts\/202017"}],"collection":[{"href":"http:\/\/mspontocom.com.br\/site\/wp-json\/wp\/v2\/posts"}],"about":[{"href":"http:\/\/mspontocom.com.br\/site\/wp-json\/wp\/v2\/types\/post"}],"author":[{"embeddable":true,"href":"http:\/\/mspontocom.com.br\/site\/wp-json\/wp\/v2\/users\/2"}],"replies":[{"embeddable":true,"href":"http:\/\/mspontocom.com.br\/site\/wp-json\/wp\/v2\/comments?post=202017"}],"version-history":[{"count":2,"href":"http:\/\/mspontocom.com.br\/site\/wp-json\/wp\/v2\/posts\/202017\/revisions"}],"predecessor-version":[{"id":202026,"href":"http:\/\/mspontocom.com.br\/site\/wp-json\/wp\/v2\/posts\/202017\/revisions\/202026"}],"wp:featuredmedia":[{"embeddable":true,"href":"http:\/\/mspontocom.com.br\/site\/wp-json\/wp\/v2\/media\/202025"}],"wp:attachment":[{"href":"http:\/\/mspontocom.com.br\/site\/wp-json\/wp\/v2\/media?parent=202017"}],"wp:term":[{"taxonomy":"category","embeddable":true,"href":"http:\/\/mspontocom.com.br\/site\/wp-json\/wp\/v2\/categories?post=202017"},{"taxonomy":"post_tag","embeddable":true,"href":"http:\/\/mspontocom.com.br\/site\/wp-json\/wp\/v2\/tags?post=202017"}],"curies":[{"name":"wp","href":"https:\/\/api.w.org\/{rel}","templated":true}]}}