{"id":202052,"date":"2025-08-09T05:36:52","date_gmt":"2025-08-09T09:36:52","guid":{"rendered":"https:\/\/mspontocom.com.br\/site\/?p=202052"},"modified":"2025-08-09T05:36:52","modified_gmt":"2025-08-09T09:36:52","slug":"revelacoes-contra-moraes-podem-anular-processos-do-8-1","status":"publish","type":"post","link":"http:\/\/mspontocom.com.br\/site\/revelacoes-contra-moraes-podem-anular-processos-do-8-1\/","title":{"rendered":"Revela\u00e7\u00f5es contra Moraes podem anular processos do 8\/1"},"content":{"rendered":"<div id=\"hd80s9wa1h892edh8192\">\n<p style=\"text-align: justify;\"><img loading=\"lazy\" class=\"alignnone size-full wp-image-202063\" src=\"http:\/\/mspontocom.com.br\/site\/wp-content\/uploads\/2025\/08\/site-revelacoes-contra-moraes-podem-anular-processos-do-81-ale2.jpg\" alt=\"\" width=\"976\" height=\"549\" srcset=\"http:\/\/mspontocom.com.br\/site\/wp-content\/uploads\/2025\/08\/site-revelacoes-contra-moraes-podem-anular-processos-do-81-ale2.jpg 976w, http:\/\/mspontocom.com.br\/site\/wp-content\/uploads\/2025\/08\/site-revelacoes-contra-moraes-podem-anular-processos-do-81-ale2-260x146.jpg 260w, http:\/\/mspontocom.com.br\/site\/wp-content\/uploads\/2025\/08\/site-revelacoes-contra-moraes-podem-anular-processos-do-81-ale2-768x432.jpg 768w\" sizes=\"(max-width: 976px) 100vw, 976px\" \/>O jurista Andr\u00e9 Marsiglia afirmou que documentos atribu\u00eddos \u00e0 chamada <strong>\u201cVaza Toga 2\u201d<\/strong> revelariam um esquema de \u201ceugenia ideol\u00f3gica\u201d no gabinete do ministro <strong>Alexandre de Moraes<\/strong>, do STF, com impactos diretos sobre processos de r\u00e9us dos atos de 8 de janeiro.<\/p>\n<p style=\"text-align: justify;\"><strong>Segundo ele, a pr\u00e1tica poderia levar \u00e0 nulidade de todas as a\u00e7\u00f5es judiciais relacionadas ao caso.<\/strong><\/p>\n<p style=\"text-align: justify;\">A reportagem revelou que r\u00e9us do 8 de janeiro teriam sido \u201cfichados\u201d com base em posicionamentos pol\u00edticos durante os procedimentos de cust\u00f3dia.<\/p>\n<blockquote><p><span style=\"font-size: 14pt;\"><em>\u201cVoc\u00ea j\u00e1 postou contra o STF? Voc\u00ea j\u00e1 postou a favor de um pol\u00edtico de direita? Voc\u00ea j\u00e1 postou contra o PT?\u201d, disse Marsiglia, ao reproduzir as perguntas que, segundo ele, eram feitas. <\/em><\/span><\/p><\/blockquote>\n<p style=\"text-align: justify;\">Para o jurista, esse enquadramento configuraria v\u00edcio processual insan\u00e1vel.<\/p>\n<h2 id=\"h-jurista-fala-em-falta-de-apuracao\" class=\"wp-block-heading\" style=\"text-align: justify;\">Jurista fala em falta de apura\u00e7\u00e3o<\/h2>\n<p style=\"text-align: justify;\">Marsiglia criticou a aus\u00eancia de investiga\u00e7\u00f5es sobre o caso.<\/p>\n<p style=\"text-align: justify;\">Ele argumentou que, se confirmadas, as pr\u00e1ticas relatadas configurariam crime de prevarica\u00e7\u00e3o, mas disse n\u00e3o acreditar que apura\u00e7\u00f5es sejam abertas.<\/p>\n<blockquote><p><span style=\"font-size: 14pt;\"><em> \u201cAs pessoas hoje aqui nesse pa\u00eds s\u00f3 investigam o que voc\u00ea pensa, mas o que elas fazem contra aqueles que pensam, a\u00ed ningu\u00e9m investiga.\u201d<\/em><\/span><\/p><\/blockquote>\n<p style=\"text-align: justify;\">Ao final de sua fala, Marsiglia disse que a pr\u00e1tica descrita \u201cdestr\u00f3i o Estado para perseguir politicamente as pessoas que s\u00e3o diferentes ou pensam diferente daqueles que hoje ocupam o poder\u201d.<\/p>\n<\/div>\n<p style=\"text-align: justify;\"><a href=\"https:\/\/revistaoeste.com\/politica\/jurista-diz-que-revelacoes-da-vaza-toga-2-podem-anular-processos-do-8-1\/\">Via Revista Oeste<\/a><\/p>\n","protected":false},"excerpt":{"rendered":"<p>O jurista Andr\u00e9 Marsiglia afirmou que documentos atribu\u00eddos \u00e0 chamada \u201cVaza Toga 2\u201d revelariam um esquema de \u201ceugenia ideol\u00f3gica\u201d no gabinete do ministro Alexandre de Moraes, do STF, com impactos diretos sobre processos de r\u00e9us dos atos de 8 de janeiro. Segundo ele, a pr\u00e1tica poderia levar \u00e0 nulidade de todas as a\u00e7\u00f5es judiciais relacionadas [&hellip;]<\/p>\n","protected":false},"author":2,"featured_media":202063,"comment_status":"open","ping_status":"open","sticky":false,"template":"","format":"standard","meta":{"_monsterinsights_skip_tracking":false,"_monsterinsights_sitenote_active":false,"_monsterinsights_sitenote_note":"","_monsterinsights_sitenote_category":0},"categories":[6,30260,30259,12],"tags":[42024,25574,23797,35247,1668,24295],"aioseo_notices":[],"_links":{"self":[{"href":"http:\/\/mspontocom.com.br\/site\/wp-json\/wp\/v2\/posts\/202052"}],"collection":[{"href":"http:\/\/mspontocom.com.br\/site\/wp-json\/wp\/v2\/posts"}],"about":[{"href":"http:\/\/mspontocom.com.br\/site\/wp-json\/wp\/v2\/types\/post"}],"author":[{"embeddable":true,"href":"http:\/\/mspontocom.com.br\/site\/wp-json\/wp\/v2\/users\/2"}],"replies":[{"embeddable":true,"href":"http:\/\/mspontocom.com.br\/site\/wp-json\/wp\/v2\/comments?post=202052"}],"version-history":[{"count":2,"href":"http:\/\/mspontocom.com.br\/site\/wp-json\/wp\/v2\/posts\/202052\/revisions"}],"predecessor-version":[{"id":202064,"href":"http:\/\/mspontocom.com.br\/site\/wp-json\/wp\/v2\/posts\/202052\/revisions\/202064"}],"wp:featuredmedia":[{"embeddable":true,"href":"http:\/\/mspontocom.com.br\/site\/wp-json\/wp\/v2\/media\/202063"}],"wp:attachment":[{"href":"http:\/\/mspontocom.com.br\/site\/wp-json\/wp\/v2\/media?parent=202052"}],"wp:term":[{"taxonomy":"category","embeddable":true,"href":"http:\/\/mspontocom.com.br\/site\/wp-json\/wp\/v2\/categories?post=202052"},{"taxonomy":"post_tag","embeddable":true,"href":"http:\/\/mspontocom.com.br\/site\/wp-json\/wp\/v2\/tags?post=202052"}],"curies":[{"name":"wp","href":"https:\/\/api.w.org\/{rel}","templated":true}]}}