{"id":202056,"date":"2025-08-09T05:28:54","date_gmt":"2025-08-09T09:28:54","guid":{"rendered":"https:\/\/mspontocom.com.br\/site\/?p=202056"},"modified":"2025-08-09T05:28:54","modified_gmt":"2025-08-09T09:28:54","slug":"lula-desiste-do-apoio-evangelico-apos-aumento-de-rejeicao","status":"publish","type":"post","link":"http:\/\/mspontocom.com.br\/site\/lula-desiste-do-apoio-evangelico-apos-aumento-de-rejeicao\/","title":{"rendered":"Lula desiste do apoio evang\u00e9lico ap\u00f3s aumento de rejei\u00e7\u00e3o"},"content":{"rendered":"<p style=\"text-align: justify;\"><img loading=\"lazy\" class=\"alignnone size-full wp-image-202061\" src=\"http:\/\/mspontocom.com.br\/site\/wp-content\/uploads\/2025\/08\/site-lula-desiste-de-tentar-apoio-de-evangelicos-apos-aumento-de-rejeicao-lula-rezando.jpeg\" alt=\"\" width=\"970\" height=\"553\" srcset=\"http:\/\/mspontocom.com.br\/site\/wp-content\/uploads\/2025\/08\/site-lula-desiste-de-tentar-apoio-de-evangelicos-apos-aumento-de-rejeicao-lula-rezando.jpeg 970w, http:\/\/mspontocom.com.br\/site\/wp-content\/uploads\/2025\/08\/site-lula-desiste-de-tentar-apoio-de-evangelicos-apos-aumento-de-rejeicao-lula-rezando-260x148.jpeg 260w, http:\/\/mspontocom.com.br\/site\/wp-content\/uploads\/2025\/08\/site-lula-desiste-de-tentar-apoio-de-evangelicos-apos-aumento-de-rejeicao-lula-rezando-768x438.jpeg 768w\" sizes=\"(max-width: 970px) 100vw, 970px\" \/>Aliados que conversaram nos \u00faltimos dias com o presidente Lula disseram que ele desistiu de vez de conquistar o apoio dos evang\u00e9licos.<\/p>\n<p style=\"text-align: justify;\">A postura do petista preocupa o Pal\u00e1cio do Planalto porque tem <strong>aumentado a rejei\u00e7\u00e3o<\/strong> ao governo nesse segmento da popula\u00e7\u00e3o, mais identificado com o bolsonarismo.<\/p>\n<p style=\"text-align: justify;\"><strong>E a tend\u00eancia \u00e9 que o voto religioso tenha peso consider\u00e1vel nas elei\u00e7\u00f5es de 2026.<\/strong><\/p>\n<p style=\"text-align: justify;\">\u00a0A \u00fanica ponte que o Executivo tem hoje com os evang\u00e9licos \u00e9 o ministro da Advocacia-Geral da Uni\u00e3o (AGU), Jorge Messias, mas a avalia\u00e7\u00e3o \u00e9 de que ele, sozinho, n\u00e3o conseguir\u00e1 reverter a vis\u00e3o negativa sobre Lula.<\/p>\n<p style=\"text-align: justify;\"><strong>A avalia\u00e7\u00e3o negativa dos evang\u00e9licos sobre o presidente cresceu de 50% para 55%<\/strong> entre junho e julho, de acordo com o Datafolha.<\/p>\n<p style=\"text-align: justify;\">Esse resultado refor\u00e7a a percep\u00e7\u00e3o de Lula de que \u00e9 invi\u00e1vel uma aproxima\u00e7\u00e3o entre Planalto e essas denomina\u00e7\u00f5es religiosas.<\/p>\n<p style=\"text-align: justify;\">Aliados que acompanham o governo notaram que o petista parou recentemente de fazer men\u00e7\u00f5es religiosas em seus discursos.<\/p>\n<p style=\"text-align: justify;\">\n<p style=\"text-align: justify;\">fonte: Coluna do Estad\u00e3o<\/p>\n","protected":false},"excerpt":{"rendered":"<p>Aliados que conversaram nos \u00faltimos dias com o presidente Lula disseram que ele desistiu de vez de conquistar o apoio dos evang\u00e9licos. A postura do petista preocupa o Pal\u00e1cio do Planalto porque tem aumentado a rejei\u00e7\u00e3o ao governo nesse segmento da popula\u00e7\u00e3o, mais identificado com o bolsonarismo. E a tend\u00eancia \u00e9 que o voto religioso [&hellip;]<\/p>\n","protected":false},"author":2,"featured_media":202061,"comment_status":"open","ping_status":"open","sticky":false,"template":"","format":"standard","meta":{"_monsterinsights_skip_tracking":false,"_monsterinsights_sitenote_active":false,"_monsterinsights_sitenote_note":"","_monsterinsights_sitenote_category":0},"categories":[6,30260,30259,12],"tags":[3546,30565,7510,480,3722],"aioseo_notices":[],"_links":{"self":[{"href":"http:\/\/mspontocom.com.br\/site\/wp-json\/wp\/v2\/posts\/202056"}],"collection":[{"href":"http:\/\/mspontocom.com.br\/site\/wp-json\/wp\/v2\/posts"}],"about":[{"href":"http:\/\/mspontocom.com.br\/site\/wp-json\/wp\/v2\/types\/post"}],"author":[{"embeddable":true,"href":"http:\/\/mspontocom.com.br\/site\/wp-json\/wp\/v2\/users\/2"}],"replies":[{"embeddable":true,"href":"http:\/\/mspontocom.com.br\/site\/wp-json\/wp\/v2\/comments?post=202056"}],"version-history":[{"count":2,"href":"http:\/\/mspontocom.com.br\/site\/wp-json\/wp\/v2\/posts\/202056\/revisions"}],"predecessor-version":[{"id":202062,"href":"http:\/\/mspontocom.com.br\/site\/wp-json\/wp\/v2\/posts\/202056\/revisions\/202062"}],"wp:featuredmedia":[{"embeddable":true,"href":"http:\/\/mspontocom.com.br\/site\/wp-json\/wp\/v2\/media\/202061"}],"wp:attachment":[{"href":"http:\/\/mspontocom.com.br\/site\/wp-json\/wp\/v2\/media?parent=202056"}],"wp:term":[{"taxonomy":"category","embeddable":true,"href":"http:\/\/mspontocom.com.br\/site\/wp-json\/wp\/v2\/categories?post=202056"},{"taxonomy":"post_tag","embeddable":true,"href":"http:\/\/mspontocom.com.br\/site\/wp-json\/wp\/v2\/tags?post=202056"}],"curies":[{"name":"wp","href":"https:\/\/api.w.org\/{rel}","templated":true}]}}