{"id":202058,"date":"2025-08-09T05:21:43","date_gmt":"2025-08-09T09:21:43","guid":{"rendered":"https:\/\/mspontocom.com.br\/site\/?p=202058"},"modified":"2025-08-09T05:21:43","modified_gmt":"2025-08-09T09:21:43","slug":"trump-chama-eduardo-bolsonaro-para-reuniao-em-washington","status":"publish","type":"post","link":"http:\/\/mspontocom.com.br\/site\/trump-chama-eduardo-bolsonaro-para-reuniao-em-washington\/","title":{"rendered":"Trump chama Eduardo Bolsonaro para reuni\u00e3o em Washington"},"content":{"rendered":"<p style=\"text-align: justify;\"><img loading=\"lazy\" class=\"alignnone size-full wp-image-202059\" src=\"http:\/\/mspontocom.com.br\/site\/wp-content\/uploads\/2025\/08\/site-trump-chama-eduardo-bolsonaro-para-reuniao-em-washington-eduardo-bolsonaro-donald-trump-1.webp\" alt=\"\" width=\"1212\" height=\"909\" srcset=\"http:\/\/mspontocom.com.br\/site\/wp-content\/uploads\/2025\/08\/site-trump-chama-eduardo-bolsonaro-para-reuniao-em-washington-eduardo-bolsonaro-donald-trump-1.webp 1212w, http:\/\/mspontocom.com.br\/site\/wp-content\/uploads\/2025\/08\/site-trump-chama-eduardo-bolsonaro-para-reuniao-em-washington-eduardo-bolsonaro-donald-trump-1-260x195.webp 260w, http:\/\/mspontocom.com.br\/site\/wp-content\/uploads\/2025\/08\/site-trump-chama-eduardo-bolsonaro-para-reuniao-em-washington-eduardo-bolsonaro-donald-trump-1-1024x768.webp 1024w, http:\/\/mspontocom.com.br\/site\/wp-content\/uploads\/2025\/08\/site-trump-chama-eduardo-bolsonaro-para-reuniao-em-washington-eduardo-bolsonaro-donald-trump-1-768x576.webp 768w\" sizes=\"(max-width: 1212px) 100vw, 1212px\" \/>O deputado federal <strong>Eduardo Bolsonaro<\/strong>\u00a0 e o jornalista Paulo Figueiredo foram convidados pelo <strong class=\"group-[.isActiveSource]:text-xl group-[.isActiveSource]:font-bold\">governo dos Estados Unidos<\/strong>\u00a0a fazer uma\u00a0nova rodada de conversas com autoridades do governo americano e auxiliares de<strong class=\"group-[.isActiveSource]:text-xl group-[.isActiveSource]:font-bold\"> Donald Trump.<\/strong><\/p>\n<p style=\"text-align: justify;\">Os encontros foram marcados para <strong>quarta (13) e quinta-feiras (14)<\/strong> da semana que vem, em Washington.<\/p>\n<p style=\"text-align: justify;\">Os americanos querem ouvir informa\u00e7\u00f5es atualizadas sobre as quest\u00f5es pol\u00edtica e jur\u00eddicas no Brasil.<\/p>\n<p class=\"my-5 break-words group-[.isActiveSource]:text-xl\" style=\"text-align: justify;\">Eduardo e Figueiredo est\u00e3o trabalhando para que o governo dos Estados Unidos n\u00e3o apliquem san\u00e7\u00f5es aos demais ministros do STF\u00a0 e nem cobrem novas tarifas aos produtos importados do Brasil.<\/p>\n<p class=\"my-5 break-words group-[.isActiveSource]:text-xl\" style=\"text-align: justify;\">As articula\u00e7\u00f5es por um endurecimento na aplica\u00e7\u00e3o da\u00a0<strong class=\"group-[.isActiveSource]:text-xl group-[.isActiveSource]:font-bold\"><a class=\"text-red-600 underline hover:text-red-500 font-medium break-words group-[.isActiveSource]:text-xl\" href=\"https:\/\/www.cnnbrasil.com.br\/tecnologia\/magnitsky-na-pratica-veja-perguntas-e-respostas-sobre-lei-que-afeta-moraes\/\" target=\"_self\" rel=\"noopener\">Lei Magnitsky contra o ministro Alexandre de Moraes,<\/a><\/strong>\u00a0com aperto aos bancos, est\u00e3o sendo feitas pela dupla.<\/p>\n","protected":false},"excerpt":{"rendered":"<p>O deputado federal Eduardo Bolsonaro\u00a0 e o jornalista Paulo Figueiredo foram convidados pelo governo dos Estados Unidos\u00a0a fazer uma\u00a0nova rodada de conversas com autoridades do governo americano e auxiliares de Donald Trump. Os encontros foram marcados para quarta (13) e quinta-feiras (14) da semana que vem, em Washington. Os americanos querem ouvir informa\u00e7\u00f5es atualizadas sobre [&hellip;]<\/p>\n","protected":false},"author":2,"featured_media":202059,"comment_status":"open","ping_status":"open","sticky":false,"template":"","format":"standard","meta":{"_monsterinsights_skip_tracking":false,"_monsterinsights_sitenote_active":false,"_monsterinsights_sitenote_note":"","_monsterinsights_sitenote_category":0},"categories":[30260,7,30259,12],"tags":[32674,2325,28326,37185],"aioseo_notices":[],"_links":{"self":[{"href":"http:\/\/mspontocom.com.br\/site\/wp-json\/wp\/v2\/posts\/202058"}],"collection":[{"href":"http:\/\/mspontocom.com.br\/site\/wp-json\/wp\/v2\/posts"}],"about":[{"href":"http:\/\/mspontocom.com.br\/site\/wp-json\/wp\/v2\/types\/post"}],"author":[{"embeddable":true,"href":"http:\/\/mspontocom.com.br\/site\/wp-json\/wp\/v2\/users\/2"}],"replies":[{"embeddable":true,"href":"http:\/\/mspontocom.com.br\/site\/wp-json\/wp\/v2\/comments?post=202058"}],"version-history":[{"count":1,"href":"http:\/\/mspontocom.com.br\/site\/wp-json\/wp\/v2\/posts\/202058\/revisions"}],"predecessor-version":[{"id":202060,"href":"http:\/\/mspontocom.com.br\/site\/wp-json\/wp\/v2\/posts\/202058\/revisions\/202060"}],"wp:featuredmedia":[{"embeddable":true,"href":"http:\/\/mspontocom.com.br\/site\/wp-json\/wp\/v2\/media\/202059"}],"wp:attachment":[{"href":"http:\/\/mspontocom.com.br\/site\/wp-json\/wp\/v2\/media?parent=202058"}],"wp:term":[{"taxonomy":"category","embeddable":true,"href":"http:\/\/mspontocom.com.br\/site\/wp-json\/wp\/v2\/categories?post=202058"},{"taxonomy":"post_tag","embeddable":true,"href":"http:\/\/mspontocom.com.br\/site\/wp-json\/wp\/v2\/tags?post=202058"}],"curies":[{"name":"wp","href":"https:\/\/api.w.org\/{rel}","templated":true}]}}