{"id":202070,"date":"2025-08-10T07:06:37","date_gmt":"2025-08-10T11:06:37","guid":{"rendered":"https:\/\/mspontocom.com.br\/site\/?p=202070"},"modified":"2025-08-10T07:06:37","modified_gmt":"2025-08-10T11:06:37","slug":"eua-acusam-alexandre-de-moraes-de-usurpar-poder-ditatorial","status":"publish","type":"post","link":"http:\/\/mspontocom.com.br\/site\/eua-acusam-alexandre-de-moraes-de-usurpar-poder-ditatorial\/","title":{"rendered":"EUA acusam Alexandre de Moraes de \u2018usurpar poder ditatorial\u2019"},"content":{"rendered":"<p style=\"text-align: justify;\"><img loading=\"lazy\" class=\"alignnone size-full wp-image-202076\" src=\"http:\/\/mspontocom.com.br\/site\/wp-content\/uploads\/2025\/08\/site-eua-acusam-moraes-de-usurpar-poder-ditatorial-aletrump.webp\" alt=\"\" width=\"660\" height=\"372\" srcset=\"http:\/\/mspontocom.com.br\/site\/wp-content\/uploads\/2025\/08\/site-eua-acusam-moraes-de-usurpar-poder-ditatorial-aletrump.webp 660w, http:\/\/mspontocom.com.br\/site\/wp-content\/uploads\/2025\/08\/site-eua-acusam-moraes-de-usurpar-poder-ditatorial-aletrump-260x147.webp 260w\" sizes=\"(max-width: 660px) 100vw, 660px\" \/>Um dia depois da convoca\u00e7\u00e3o do encarregado de neg\u00f3cios da embaixada dos Estados Unidos ao Itamaraty, a representa\u00e7\u00e3o diplom\u00e1tica morte-americana voltou a <strong>publicar post, no X,<\/strong> em que critica o comportamento do ministro do STF<strong> Alexandre de Moraes.<\/strong><\/p>\n<p style=\"text-align: justify;\">No texto, a embaixada dos EUA afirma que<strong> \u201cum \u00fanico ministro do STF usurpou poder ditatorial<\/strong> ao amea\u00e7ar l\u00edderes dos outros poderes, ou suas fam\u00edlias, com deten\u00e7\u00e3o, pris\u00e3o ou outras penalidades\u201d.<\/p>\n<p style=\"text-align: justify;\">A mensagem da representa\u00e7\u00e3o do governo dos EUA no Brasil responsabiliza ainda o ministro por<strong> \u201cdestruir a rela\u00e7\u00e3o hist\u00f3rica\u201d<\/strong> de proximidade entre Brasil e os Estados Unidos.<\/p>\n<p style=\"text-align: justify;\">\u201cA separa\u00e7\u00e3o dos poderes de um Estado \u00e9 a maior garantia de liberdade j\u00e1 concebida pela humanidade\u201d, diz o comunicado da embaixada que representa a mais s\u00f3lida e longeva democracia das am\u00e9ricas.<\/p>\n<blockquote><p><span style=\"font-size: 14pt;\"><em>\u201cNenhum poder, nem mesmo uma pessoa, pode acumular autoridade excessiva se for controlada pelos demais. Mas uma separa\u00e7\u00e3o formal n\u00e3o significa nada se um dos poderes tiver meios de intimidar os demais a abrir m\u00e3o de suas prerrogativas constitucionais.\u201d<\/em><\/span><\/p><\/blockquote>\n<div id=\"ddp-general\" class=\"ddp-main-wrap\" style=\"text-align: justify;\">\n<p>&nbsp;<\/p>\n<div class=\"content-materia\">\n<div class=\"wrapper container\">\n<section class=\"body-content-mg\">\n<article class=\"article\">\n<div class=\"materia-content\">\n<p>O post da embaixada dos Estados Unidos reproduz basicamente e quase simultaneamente mensagem divulgada pelo n\u00ba 2 do Departamento de Estado norte-americano, Christopher Landau.<\/p>\n<\/div>\n<\/article>\n<\/section>\n<\/div>\n<\/div>\n<\/div>\n<div id=\"adopt-controller-button\" class=\"adopt-c-dRvrkH\" aria-controls=\"cookie-banner\">\n<div class=\"adopt-c-iTSdLu\" style=\"text-align: justify;\"><\/div>\n<\/div>\n","protected":false},"excerpt":{"rendered":"<p>Um dia depois da convoca\u00e7\u00e3o do encarregado de neg\u00f3cios da embaixada dos Estados Unidos ao Itamaraty, a representa\u00e7\u00e3o diplom\u00e1tica morte-americana voltou a publicar post, no X, em que critica o comportamento do ministro do STF Alexandre de Moraes. No texto, a embaixada dos EUA afirma que \u201cum \u00fanico ministro do STF usurpou poder ditatorial ao [&hellip;]<\/p>\n","protected":false},"author":2,"featured_media":202076,"comment_status":"open","ping_status":"open","sticky":false,"template":"","format":"standard","meta":{"_monsterinsights_skip_tracking":false,"_monsterinsights_sitenote_active":false,"_monsterinsights_sitenote_note":"","_monsterinsights_sitenote_category":0},"categories":[30260,2528,7,30259,12],"tags":[26336,1539,43386],"aioseo_notices":[],"_links":{"self":[{"href":"http:\/\/mspontocom.com.br\/site\/wp-json\/wp\/v2\/posts\/202070"}],"collection":[{"href":"http:\/\/mspontocom.com.br\/site\/wp-json\/wp\/v2\/posts"}],"about":[{"href":"http:\/\/mspontocom.com.br\/site\/wp-json\/wp\/v2\/types\/post"}],"author":[{"embeddable":true,"href":"http:\/\/mspontocom.com.br\/site\/wp-json\/wp\/v2\/users\/2"}],"replies":[{"embeddable":true,"href":"http:\/\/mspontocom.com.br\/site\/wp-json\/wp\/v2\/comments?post=202070"}],"version-history":[{"count":2,"href":"http:\/\/mspontocom.com.br\/site\/wp-json\/wp\/v2\/posts\/202070\/revisions"}],"predecessor-version":[{"id":202077,"href":"http:\/\/mspontocom.com.br\/site\/wp-json\/wp\/v2\/posts\/202070\/revisions\/202077"}],"wp:featuredmedia":[{"embeddable":true,"href":"http:\/\/mspontocom.com.br\/site\/wp-json\/wp\/v2\/media\/202076"}],"wp:attachment":[{"href":"http:\/\/mspontocom.com.br\/site\/wp-json\/wp\/v2\/media?parent=202070"}],"wp:term":[{"taxonomy":"category","embeddable":true,"href":"http:\/\/mspontocom.com.br\/site\/wp-json\/wp\/v2\/categories?post=202070"},{"taxonomy":"post_tag","embeddable":true,"href":"http:\/\/mspontocom.com.br\/site\/wp-json\/wp\/v2\/tags?post=202070"}],"curies":[{"name":"wp","href":"https:\/\/api.w.org\/{rel}","templated":true}]}}