{"id":202073,"date":"2025-08-10T06:50:20","date_gmt":"2025-08-10T10:50:20","guid":{"rendered":"https:\/\/mspontocom.com.br\/site\/?p=202073"},"modified":"2025-08-10T06:50:20","modified_gmt":"2025-08-10T10:50:20","slug":"pesquisa-quaest-populacao-ve-globo-como-veiculo-da-esquerda","status":"publish","type":"post","link":"http:\/\/mspontocom.com.br\/site\/pesquisa-quaest-populacao-ve-globo-como-veiculo-da-esquerda\/","title":{"rendered":"Pesquisa Quaest: popula\u00e7\u00e3o v\u00ea Globo como ve\u00edculo da esquerda"},"content":{"rendered":"<p style=\"text-align: justify;\"><img loading=\"lazy\" class=\"alignnone size-full wp-image-202074\" src=\"http:\/\/mspontocom.com.br\/site\/wp-content\/uploads\/2025\/08\/site-pesquisa-populacao-ve-globo-como-veiculo-da-esquerda-povo.jpeg\" alt=\"\" width=\"1021\" height=\"600\" srcset=\"http:\/\/mspontocom.com.br\/site\/wp-content\/uploads\/2025\/08\/site-pesquisa-populacao-ve-globo-como-veiculo-da-esquerda-povo.jpeg 1021w, http:\/\/mspontocom.com.br\/site\/wp-content\/uploads\/2025\/08\/site-pesquisa-populacao-ve-globo-como-veiculo-da-esquerda-povo-260x153.jpeg 260w, http:\/\/mspontocom.com.br\/site\/wp-content\/uploads\/2025\/08\/site-pesquisa-populacao-ve-globo-como-veiculo-da-esquerda-povo-768x451.jpeg 768w\" sizes=\"(max-width: 1021px) 100vw, 1021px\" \/>A sa\u00edda da apresentadora Daniela Lima da <strong>GloboNews<\/strong> foi motivada por uma pesquisa interna encomendada pela pr\u00f3pria emissora, segundo Gabriel Vaquer, da Folha de S. Paulo.<\/p>\n<div id=\"content_post\" class=\"post-interna__content__corpo\">\n<p style=\"text-align: justify;\">Realizado pelo<strong> instituto Quaest ,<\/strong> o levantamento teria mostrado que o canal de not\u00edcias vinha sendo percebido por muitos assinantes <span style=\"font-size: 14pt;\"><strong>como um ve\u00edculo com vi\u00e9s de esquerda, associado a partidos como PT e PSOL.\u00a0\u00a0<\/strong><\/span><\/p>\n<p style=\"text-align: justify;\">Uma das quest\u00f5es da pesquisa perguntava explicitamente se os assinantes gostavam do comportamento dos apresentadores.<\/p>\n<p style=\"text-align: justify;\">As respostas formaram uma nuvem de palavras com destaque para express\u00f5es como \u201cgracinhas\u201d e \u201cdebochados\u201d, refletindo a insatisfa\u00e7\u00e3o de parte do p\u00fablico com o tom adotado nos programas ao vivo.<\/p>\n<p style=\"text-align: justify;\">Daniela Lima acabou se tornando, internamente, o maior s\u00edmbolo dessa cr\u00edtica.<\/p>\n<p style=\"text-align: justify;\">A emissora\u00a0<strong><a href=\"https:\/\/crusoe.com.br\/diario\/mercado-nao-ve-a-divida-publica-escorregar-para-o-buraco\/\" target=\"_blank\" rel=\"noreferrer noopener\">justificou a demiss\u00e3o<\/a><\/strong>\u00a0como parte de um \u201c<em>processo permanente de renova\u00e7\u00e3o do quadro do canal<\/em>\u201d, que tamb\u00e9m envolveu outros nomes, como <strong>Mauro Paulino e Eliane Cantanh\u00eade.\u00a0\u00a0<\/strong><\/p>\n<p>fonte: O Antagonista<\/p>\n<\/div>\n","protected":false},"excerpt":{"rendered":"<p>A sa\u00edda da apresentadora Daniela Lima da GloboNews foi motivada por uma pesquisa interna encomendada pela pr\u00f3pria emissora, segundo Gabriel Vaquer, da Folha de S. Paulo. Realizado pelo instituto Quaest , o levantamento teria mostrado que o canal de not\u00edcias vinha sendo percebido por muitos assinantes como um ve\u00edculo com vi\u00e9s de esquerda, associado a [&hellip;]<\/p>\n","protected":false},"author":2,"featured_media":202074,"comment_status":"open","ping_status":"open","sticky":false,"template":"","format":"standard","meta":{"_monsterinsights_skip_tracking":false,"_monsterinsights_sitenote_active":false,"_monsterinsights_sitenote_note":"","_monsterinsights_sitenote_category":0},"categories":[6,30260,30259,12],"tags":[21869,501,41230,1472,32263],"aioseo_notices":[],"_links":{"self":[{"href":"http:\/\/mspontocom.com.br\/site\/wp-json\/wp\/v2\/posts\/202073"}],"collection":[{"href":"http:\/\/mspontocom.com.br\/site\/wp-json\/wp\/v2\/posts"}],"about":[{"href":"http:\/\/mspontocom.com.br\/site\/wp-json\/wp\/v2\/types\/post"}],"author":[{"embeddable":true,"href":"http:\/\/mspontocom.com.br\/site\/wp-json\/wp\/v2\/users\/2"}],"replies":[{"embeddable":true,"href":"http:\/\/mspontocom.com.br\/site\/wp-json\/wp\/v2\/comments?post=202073"}],"version-history":[{"count":1,"href":"http:\/\/mspontocom.com.br\/site\/wp-json\/wp\/v2\/posts\/202073\/revisions"}],"predecessor-version":[{"id":202075,"href":"http:\/\/mspontocom.com.br\/site\/wp-json\/wp\/v2\/posts\/202073\/revisions\/202075"}],"wp:featuredmedia":[{"embeddable":true,"href":"http:\/\/mspontocom.com.br\/site\/wp-json\/wp\/v2\/media\/202074"}],"wp:attachment":[{"href":"http:\/\/mspontocom.com.br\/site\/wp-json\/wp\/v2\/media?parent=202073"}],"wp:term":[{"taxonomy":"category","embeddable":true,"href":"http:\/\/mspontocom.com.br\/site\/wp-json\/wp\/v2\/categories?post=202073"},{"taxonomy":"post_tag","embeddable":true,"href":"http:\/\/mspontocom.com.br\/site\/wp-json\/wp\/v2\/tags?post=202073"}],"curies":[{"name":"wp","href":"https:\/\/api.w.org\/{rel}","templated":true}]}}