{"id":202087,"date":"2025-08-11T05:36:57","date_gmt":"2025-08-11T09:36:57","guid":{"rendered":"https:\/\/mspontocom.com.br\/site\/?p=202087"},"modified":"2025-08-11T05:36:57","modified_gmt":"2025-08-11T09:36:57","slug":"jornal-dos-eua-acusa-stf-de-golpe-e-moraes-de-prender-oponentes","status":"publish","type":"post","link":"http:\/\/mspontocom.com.br\/site\/jornal-dos-eua-acusa-stf-de-golpe-e-moraes-de-prender-oponentes\/","title":{"rendered":"Jornal dos EUA acusa STF de golpe e Moraes de prender oponentes"},"content":{"rendered":"<p><img loading=\"lazy\" class=\"size-full wp-image-202097\" src=\"http:\/\/mspontocom.com.br\/site\/wp-content\/uploads\/2025\/08\/site-jornal-dos-eua-acusa-stf-de-golpe-e-moraes-de-prender-oponentes-wal.jpg\" alt=\"\" width=\"886\" height=\"499\" srcset=\"http:\/\/mspontocom.com.br\/site\/wp-content\/uploads\/2025\/08\/site-jornal-dos-eua-acusa-stf-de-golpe-e-moraes-de-prender-oponentes-wal.jpg 886w, http:\/\/mspontocom.com.br\/site\/wp-content\/uploads\/2025\/08\/site-jornal-dos-eua-acusa-stf-de-golpe-e-moraes-de-prender-oponentes-wal-260x146.jpg 260w, http:\/\/mspontocom.com.br\/site\/wp-content\/uploads\/2025\/08\/site-jornal-dos-eua-acusa-stf-de-golpe-e-moraes-de-prender-oponentes-wal-768x433.jpg 768w\" sizes=\"(max-width: 886px) 100vw, 886px\" \/><\/p>\n<p style=\"text-align: justify;\">O norte-americano\u00a0<strong><em>Wall Street Journal<\/em><\/strong>, um dos mais influentes do mundo, publicou artigo editorial neste domingo (10), assinado pela colunista Mary Anastasia O\u2019Grady, em que acusa o STF de <strong>aplicar um golpe de estado no Brasil.<\/strong><\/p>\n<p style=\"text-align: justify;\">Acusa tanb\u00e9m\u00a0 o ministro<strong> Alexandre de Moraes,<\/strong> principal instrumento dessas decis\u00f5es, de estar \u201ccensurando cr\u00edticos e prendendo oponentes sem nenhum controle pol\u00edtico\u201d.<\/p>\n<p style=\"text-align: justify;\">As acusa\u00e7\u00f5es est\u00e3o j\u00e1 no\u00a0 t\u00edtulo da\u00a0 publica\u00e7\u00e3o, <strong>\u201cUm golpe de Estado da Suprema Corte\u00a0 do Brasil\u201d.<\/strong><\/p>\n<h3 style=\"text-align: justify;\"><span style=\"font-size: 18pt;\">Ainda n\u00e3o \u00e9 tarde para salvar o Brasil\u201d da ditadura<\/span><\/h3>\n<p style=\"text-align: justify;\">Mary Anastasia O\u2019Grady pondera que \u201cdesenvolvimentos recentes oferecem esperan\u00e7a de que uma tomada de poder gradual, constru\u00edda ao longo de seis anos, possa ser revertida\u201d, disse referindo-se ao endurecimento do regime no Brasil.<\/p>\n<blockquote><p><em>\u201cO problema em Bras\u00edlia come\u00e7ou em 2019, quando o Supremo Tribunal Federal alegou ser v\u00edtima de cal\u00fanias e amea\u00e7as, invocando uma regra interna que lhe dava o poder de abrir \u2018inqu\u00e9ritos\u2019 secretos sobre supostos crimes contra seus membros\u201d, disse a jornalista, que h\u00e1 anos acompanha de perto a situa\u00e7\u00e3o pol\u00edtica no Pa\u00eds&#8221;.<\/em><\/p><\/blockquote>\n<h3 style=\"text-align: justify;\"><span style=\"font-size: 18pt;\">A descondena\u00e7\u00e3o de Lula<\/span><\/h3>\n<p style=\"text-align: justify;\">\u201cA decis\u00e3o do STF, em mar\u00e7o de 2021, de anular a condena\u00e7\u00e3o por corrup\u00e7\u00e3o de 2017 do ex-presidente Luiz In\u00e1cio \u201cLula\u201d da Silva \u2014 confirmada duas vezes em inst\u00e2ncias superiores \u2014 inflamou ainda mais a direita brasileira\u201d, diz o artigo.<\/p>\n<h3 style=\"text-align: justify;\"><span style=\"font-size: 18pt;\">TSE exercendo papel pol\u00edtico<\/span><\/h3>\n<p style=\"text-align: justify;\">Para O\u2019Grady, \u201cMoraes tamb\u00e9m presidiu o Tribunal Superior Eleitoral durante a elei\u00e7\u00e3o presidencial de 2022, que colocou Lula contra o ent\u00e3o presidente Bolsonaro.<\/p>\n<p style=\"text-align: justify;\">O ministro tornou o tribunal significativamente mais pol\u00edtico, monitorando e censurando discursos de partidos, candidatos e cidad\u00e3os com quem discordava.\u201d<\/p>\n<p style=\"text-align: justify;\">Na conclus\u00e3o do seu relato em que resume os acontecimentos dos \u00faltimos anos no Brasil, a articulista diz que, \u201cquando Lula foi declarado vencedor, a polariza\u00e7\u00e3o se agravou.<\/p>\n<p style=\"text-align: justify;\">Parte dos apoiadores de Bolsonaro se recusou a aceitar o resultado, pedindo interven\u00e7\u00e3o militar e organizando protestos pac\u00edficos em frente a quart\u00e9is por meses.\u201d<\/p>\n<p style=\"text-align: justify;\">\n<p style=\"text-align: justify;\">fonte: Di\u00e1rio do Poder<\/p>\n","protected":false},"excerpt":{"rendered":"<p>O norte-americano\u00a0Wall Street Journal, um dos mais influentes do mundo, publicou artigo editorial neste domingo (10), assinado pela colunista Mary Anastasia O\u2019Grady, em que acusa o STF de aplicar um golpe de estado no Brasil. Acusa tanb\u00e9m\u00a0 o ministro Alexandre de Moraes, principal instrumento dessas decis\u00f5es, de estar \u201ccensurando cr\u00edticos e prendendo oponentes sem nenhum [&hellip;]<\/p>\n","protected":false},"author":2,"featured_media":202097,"comment_status":"open","ping_status":"open","sticky":false,"template":"","format":"standard","meta":{"_monsterinsights_skip_tracking":false,"_monsterinsights_sitenote_active":false,"_monsterinsights_sitenote_note":"","_monsterinsights_sitenote_category":0},"categories":[30260,2528,7,30259,12],"tags":[1539,3109,15595,35247,43389,28409,3014,24688],"aioseo_notices":[],"_links":{"self":[{"href":"http:\/\/mspontocom.com.br\/site\/wp-json\/wp\/v2\/posts\/202087"}],"collection":[{"href":"http:\/\/mspontocom.com.br\/site\/wp-json\/wp\/v2\/posts"}],"about":[{"href":"http:\/\/mspontocom.com.br\/site\/wp-json\/wp\/v2\/types\/post"}],"author":[{"embeddable":true,"href":"http:\/\/mspontocom.com.br\/site\/wp-json\/wp\/v2\/users\/2"}],"replies":[{"embeddable":true,"href":"http:\/\/mspontocom.com.br\/site\/wp-json\/wp\/v2\/comments?post=202087"}],"version-history":[{"count":2,"href":"http:\/\/mspontocom.com.br\/site\/wp-json\/wp\/v2\/posts\/202087\/revisions"}],"predecessor-version":[{"id":202098,"href":"http:\/\/mspontocom.com.br\/site\/wp-json\/wp\/v2\/posts\/202087\/revisions\/202098"}],"wp:featuredmedia":[{"embeddable":true,"href":"http:\/\/mspontocom.com.br\/site\/wp-json\/wp\/v2\/media\/202097"}],"wp:attachment":[{"href":"http:\/\/mspontocom.com.br\/site\/wp-json\/wp\/v2\/media?parent=202087"}],"wp:term":[{"taxonomy":"category","embeddable":true,"href":"http:\/\/mspontocom.com.br\/site\/wp-json\/wp\/v2\/categories?post=202087"},{"taxonomy":"post_tag","embeddable":true,"href":"http:\/\/mspontocom.com.br\/site\/wp-json\/wp\/v2\/tags?post=202087"}],"curies":[{"name":"wp","href":"https:\/\/api.w.org\/{rel}","templated":true}]}}