{"id":202091,"date":"2025-08-11T05:48:56","date_gmt":"2025-08-11T09:48:56","guid":{"rendered":"https:\/\/mspontocom.com.br\/site\/?p=202091"},"modified":"2025-08-11T05:48:56","modified_gmt":"2025-08-11T09:48:56","slug":"ministros-do-stf-estao-apavorados-com-magnitsky-revela-o-globo","status":"publish","type":"post","link":"http:\/\/mspontocom.com.br\/site\/ministros-do-stf-estao-apavorados-com-magnitsky-revela-o-globo\/","title":{"rendered":"Ministros do STF est\u00e3o \u2018apavorados\u2019 com Magnitsky, revela O Globo"},"content":{"rendered":"<p style=\"text-align: justify;\"><img loading=\"lazy\" class=\"alignnone size-full wp-image-202099\" src=\"http:\/\/mspontocom.com.br\/site\/wp-content\/uploads\/2025\/08\/site-ministros-do-stf-estao-apavorados-com-magnitsky-revela-jornal-stf2-e1754905560669.jpg\" alt=\"\" width=\"1396\" height=\"1056\" srcset=\"http:\/\/mspontocom.com.br\/site\/wp-content\/uploads\/2025\/08\/site-ministros-do-stf-estao-apavorados-com-magnitsky-revela-jornal-stf2-e1754905560669.jpg 1396w, http:\/\/mspontocom.com.br\/site\/wp-content\/uploads\/2025\/08\/site-ministros-do-stf-estao-apavorados-com-magnitsky-revela-jornal-stf2-e1754905560669-260x197.jpg 260w, http:\/\/mspontocom.com.br\/site\/wp-content\/uploads\/2025\/08\/site-ministros-do-stf-estao-apavorados-com-magnitsky-revela-jornal-stf2-e1754905560669-1024x775.jpg 1024w, http:\/\/mspontocom.com.br\/site\/wp-content\/uploads\/2025\/08\/site-ministros-do-stf-estao-apavorados-com-magnitsky-revela-jornal-stf2-e1754905560669-768x581.jpg 768w\" sizes=\"(max-width: 1396px) 100vw, 1396px\" \/>Ministros do STF est\u00e3o<strong> \u201capavorados\u201d<\/strong> com a possibilidade de serem atingidos pela <strong>Lei Magnitsky,<\/strong> segundo relatou um pol\u00edtico influente com acesso direto a integrantes da Corte ao<strong> jornal <em>O Globo.<\/em><\/strong><\/p>\n<p style=\"text-align: justify;\">Segundo o relato, os magistrados estariam em extrema preocupa\u00e7\u00e3o com eventuais san\u00e7\u00f5es previstas pela legisla\u00e7\u00e3o.<\/p>\n<blockquote><p><span style=\"font-size: 14pt;\"><em>\u201cImagine s\u00f3 isso acontecer no est\u00e1gio de vida deles, ningu\u00e9m quer uma coisa dessas\u201d, disse o congressista ao colunista Lauro Jardim.<\/em><\/span><\/p><\/blockquote>\n<p style=\"text-align: justify;\">Na avalia\u00e7\u00e3o do pol\u00edtico, o \u201cest\u00e1gio de vida\u201d mencionado na conversa diz respeito ao momento pessoal em que cada ministro se encontra.<\/p>\n<p style=\"text-align: justify;\">\n<h2 id=\"h-temor-da-lei-magnitsky-e-maior-entre-ministros-mais-proximos-da-aposentadoria-sugere-fonte\" class=\"wp-block-heading\" style=\"text-align: justify;\">Temor da Lei Magnitsky \u00e9 maior entre ministros mais pr\u00f3ximos da aposentadoria<\/h2>\n<p style=\"text-align: justify;\">Lu\u00eds Roberto Barroso e Edson Fachin, ambos de 67 anos, se aposentar\u00e3o em 2033; Alexandre de Moraes, 56 anos, e Fl\u00e1vio Dino, 57 anos, em 2043; Dias Toffoli, 57 anos, em 2042; Kassio Nunes Marques, 53 anos, e Andr\u00e9 Mendon\u00e7a, 52 anos, em 2047; e Cristiano Zanin, 49 anos, apenas em 2050.<\/p>\n<p style=\"text-align: justify;\">A Lei Magnitsky prev\u00ea puni\u00e7\u00f5es a indiv\u00edduos acusados de viola\u00e7\u00f5es de direitos humanos ou atos de corrup\u00e7\u00e3o, e pode incluir san\u00e7\u00f5es econ\u00f4micas e restri\u00e7\u00f5es de visto.<\/p>\n<p style=\"text-align: justify;\">A aplica\u00e7\u00e3o desse tipo de medida costuma ter <strong>impacto significativo na reputa\u00e7\u00e3o<\/strong> e na liberdade de deslocamento dos atingidos.<\/p>\n<div id=\"hd80s9wa1h892edh8192\">\n<p style=\"text-align: justify;\">\n<\/div>\n<p><a href=\"https:\/\/revistaoeste.com\/politica\/ministros-do-stf-estao-apavorados-com-magnitsky-revela-jornal\/\">Via Revista Oeste<\/a><\/p>\n","protected":false},"excerpt":{"rendered":"<p>Ministros do STF est\u00e3o \u201capavorados\u201d com a possibilidade de serem atingidos pela Lei Magnitsky, segundo relatou um pol\u00edtico influente com acesso direto a integrantes da Corte ao jornal O Globo. Segundo o relato, os magistrados estariam em extrema preocupa\u00e7\u00e3o com eventuais san\u00e7\u00f5es previstas pela legisla\u00e7\u00e3o. \u201cImagine s\u00f3 isso acontecer no est\u00e1gio de vida deles, ningu\u00e9m [&hellip;]<\/p>\n","protected":false},"author":2,"featured_media":202099,"comment_status":"open","ping_status":"open","sticky":false,"template":"","format":"standard","meta":{"_monsterinsights_skip_tracking":false,"_monsterinsights_sitenote_active":false,"_monsterinsights_sitenote_note":"","_monsterinsights_sitenote_category":0},"categories":[12],"tags":[43390,43374,587,7518,26020,3014],"aioseo_notices":[],"_links":{"self":[{"href":"http:\/\/mspontocom.com.br\/site\/wp-json\/wp\/v2\/posts\/202091"}],"collection":[{"href":"http:\/\/mspontocom.com.br\/site\/wp-json\/wp\/v2\/posts"}],"about":[{"href":"http:\/\/mspontocom.com.br\/site\/wp-json\/wp\/v2\/types\/post"}],"author":[{"embeddable":true,"href":"http:\/\/mspontocom.com.br\/site\/wp-json\/wp\/v2\/users\/2"}],"replies":[{"embeddable":true,"href":"http:\/\/mspontocom.com.br\/site\/wp-json\/wp\/v2\/comments?post=202091"}],"version-history":[{"count":2,"href":"http:\/\/mspontocom.com.br\/site\/wp-json\/wp\/v2\/posts\/202091\/revisions"}],"predecessor-version":[{"id":202100,"href":"http:\/\/mspontocom.com.br\/site\/wp-json\/wp\/v2\/posts\/202091\/revisions\/202100"}],"wp:featuredmedia":[{"embeddable":true,"href":"http:\/\/mspontocom.com.br\/site\/wp-json\/wp\/v2\/media\/202099"}],"wp:attachment":[{"href":"http:\/\/mspontocom.com.br\/site\/wp-json\/wp\/v2\/media?parent=202091"}],"wp:term":[{"taxonomy":"category","embeddable":true,"href":"http:\/\/mspontocom.com.br\/site\/wp-json\/wp\/v2\/categories?post=202091"},{"taxonomy":"post_tag","embeddable":true,"href":"http:\/\/mspontocom.com.br\/site\/wp-json\/wp\/v2\/tags?post=202091"}],"curies":[{"name":"wp","href":"https:\/\/api.w.org\/{rel}","templated":true}]}}