{"id":202182,"date":"2025-08-13T05:40:56","date_gmt":"2025-08-13T09:40:56","guid":{"rendered":"https:\/\/mspontocom.com.br\/site\/?p=202182"},"modified":"2025-08-13T07:57:43","modified_gmt":"2025-08-13T11:57:43","slug":"artigo-gaudencio-torquato-a-degradacao-do-congresso","status":"publish","type":"post","link":"http:\/\/mspontocom.com.br\/site\/artigo-gaudencio-torquato-a-degradacao-do-congresso\/","title":{"rendered":"Artigo Gaud\u00eancio Torquato | A degrada\u00e7\u00e3o do Congresso"},"content":{"rendered":"<p><img loading=\"lazy\" class=\"alignnone size-full wp-image-202183\" src=\"http:\/\/mspontocom.com.br\/site\/wp-content\/uploads\/2025\/08\/site-gaudencio-gaudencio.jpg\" alt=\"\" width=\"1626\" height=\"789\" srcset=\"http:\/\/mspontocom.com.br\/site\/wp-content\/uploads\/2025\/08\/site-gaudencio-gaudencio.jpg 1626w, http:\/\/mspontocom.com.br\/site\/wp-content\/uploads\/2025\/08\/site-gaudencio-gaudencio-260x126.jpg 260w, http:\/\/mspontocom.com.br\/site\/wp-content\/uploads\/2025\/08\/site-gaudencio-gaudencio-1024x497.jpg 1024w, http:\/\/mspontocom.com.br\/site\/wp-content\/uploads\/2025\/08\/site-gaudencio-gaudencio-768x373.jpg 768w, http:\/\/mspontocom.com.br\/site\/wp-content\/uploads\/2025\/08\/site-gaudencio-gaudencio-1536x745.jpg 1536w\" sizes=\"(max-width: 1626px) 100vw, 1626px\" \/>O<strong> mspontocom<\/strong> publica semanalmente artigo de Gaud\u00eancio Torquato.<\/p>\n<p>Torquato \u00e9 escritor, jornalista, professor titular da USP e consultor pol\u00edtico<\/p>\n<p>&nbsp;<\/p>\n<p style=\"text-align: justify;\">O recente epis\u00f3dio de obstru\u00e7\u00e3o da pauta legislativa na C\u00e2mara Federal, quando bolsonaristas promoveram um motim, impedindo, por dois dias, o trabalho regular do Congresso, sinaliza a continuidade da crise democr\u00e1tica que, h\u00e1 d\u00e9cadas, corr\u00f3i a imagem de nossa representa\u00e7\u00e3o pol\u00edtica. Mas, conv\u00e9m lembrar que a degrada\u00e7\u00e3o do Congresso Nacional n\u00e3o \u00e9 apenas um problema conjuntural, mas estrutural, revelando o esgar\u00e7amento do pacto democr\u00e1tico e a crescente dist\u00e2ncia entre representantes e representados.<\/p>\n<p style=\"text-align: justify;\">\n<p style=\"text-align: justify;\">A esfera pol\u00edtica nunca foi t\u00e3o mal avaliada. Pesquisas recentes sobre a imagem dos congressistas revelam uma percep\u00e7\u00e3o majoritariamente negativa da atua\u00e7\u00e3o do Congresso Nacional.\u00a0A desaprova\u00e7\u00e3o do Congresso \u00e9 alta, com n\u00fameros semelhantes \u00e0 reprova\u00e7\u00e3o do governo Lula e com uma vis\u00e3o mais negativa entre os eleitores de Bolsonaro.<\/p>\n<p style=\"text-align: justify;\">\n<p style=\"text-align: justify;\">A maioria da popula\u00e7\u00e3o desaprova a atua\u00e7\u00e3o do Congresso Nacional, com 51% de reprova\u00e7\u00e3o, segundo a \u00faltima pesquisa realizada. A \u00faltima pesquisa sobre a imagem dos pol\u00edticos, realizada pela Datafolha, mostra que 78% dos brasileiros acham que o Congresso age em interesse pr\u00f3prio. E mais: o Legislativo tem a pior avalia\u00e7\u00e3o entre os tr\u00eas Poderes da Rep\u00fablica.<\/p>\n<p style=\"text-align: justify;\">\n<p style=\"text-align: justify;\">Aproximadamente 42% aprovam o trabalho do Congresso. A pesquisa mostrou que os mais pobres tendem a aprovar mais o Congresso do que os mais ricos.\u00a0Al\u00e9m disso, eleitores de Lula t\u00eam uma vis\u00e3o mais favor\u00e1vel ao Congresso do que os de Bolsonaro.<\/p>\n<p style=\"text-align: justify;\">\n<p style=\"text-align: justify;\">O fato \u00e9 que o Congresso vem sofrendo um grave desgaste de legitimidade perante a opini\u00e3o p\u00fablica. A percep\u00e7\u00e3o geral \u00e9 a de um parlamento tomado por interesses particulares, fisiol\u00f3gicos ou corporativos, desconectado das reais necessidades do povo. As figuras parlamentares cada vez mais se moldam \u00e0 l\u00f3gica das redes sociais. Deputados e senadores viram influencers, priorizando a viraliza\u00e7\u00e3o de falas agressivas ou &#8220;lacradoras&#8221; em detrimento da atua\u00e7\u00e3o legislativa substantiva. A pol\u00edtica se reduz ao espet\u00e1culo, e o debate p\u00fablico \u00e9 substitu\u00eddo por slogans e memes.<\/p>\n<p style=\"text-align: justify;\">\n<p style=\"text-align: justify;\">Al\u00e9m disso, o Congresso tem sido capturado por lobbies diversos: do agroneg\u00f3cio, das igrejas neopentecostais, das grandes empresas, de corpora\u00e7\u00f5es armadas, entre outros. Comiss\u00f5es s\u00e3o loteadas e pautas s\u00e3o compradas ou negociadas em troca de vantagens. A agenda p\u00fablica cede lugar \u00e0 pauta de interesses.<\/p>\n<p style=\"text-align: justify;\">\n<p style=\"text-align: justify;\">A pr\u00e1tica do &#8220;toma-l\u00e1-d\u00e1-c\u00e1&#8221; se institucionalizou de tal forma que cargos, verbas e emendas secretas tornaram-se moeda corrente para a manuten\u00e7\u00e3o do apoio ao governo da vez, independentemente de ideologias. A governabilidade passa pela barganha e n\u00e3o pelo convencimento democr\u00e1tico.<\/p>\n<p style=\"text-align: justify;\">\n<p style=\"text-align: justify;\">Casos de corrup\u00e7\u00e3o, rachadinhas, falsos pronunciamentos, manipula\u00e7\u00f5es regimentais e blindagem de aliados corroem a imagem institucional do Legislativo. O Parlamento, que deveria ser casa da transpar\u00eancia, \u00e9 frequentemente visto como espa\u00e7o de impunidade.<\/p>\n<p style=\"text-align: justify;\">\n<p style=\"text-align: justify;\">Em suma, o Congresso legisla menos e legisla mal. Muitas leis s\u00e3o aprovadas a toque de caixa, sem debates profundos ou audi\u00eancias p\u00fablicas. Outras vezes, renuncia a seu papel e delega compet\u00eancias ao Executivo, inclusive em temas sens\u00edveis.<\/p>\n<p style=\"text-align: justify;\">\n<p style=\"text-align: justify;\">O que poderia ser feito para melhorar o conceito da institui\u00e7\u00e3o pol\u00edtica? A resposta aponta para a educa\u00e7\u00e3o pol\u00edtica. Ao promover a educa\u00e7\u00e3o pol\u00edtica, \u00e9 poss\u00edvel combater a descren\u00e7a na pol\u00edtica e na democracia, incentivando a participa\u00e7\u00e3o ativa dos cidad\u00e3os na constru\u00e7\u00e3o de um futuro melhor para todos. \u00a0Essa meta inclui um conjunto de provid\u00eancias, entre as quais o debate de temas relevantes, a forma\u00e7\u00e3o de jovens cidad\u00e3os, o investimento na forma\u00e7\u00e3o de educadores e a cria\u00e7\u00e3o de di\u00e1logo e participa\u00e7\u00e3o.<\/p>\n<p style=\"text-align: justify;\">\n<p style=\"text-align: justify;\">Combater a corrup\u00e7\u00e3o, implementando mecanismos de controle e fiscaliza\u00e7\u00e3o eficazes, punindo exemplarmente os corruptos e promovendo a transpar\u00eancia na gest\u00e3o p\u00fablica. Fortalecer a democracia, estimular a participa\u00e7\u00e3o cidad\u00e3 em conselhos municipais, audi\u00eancias p\u00fablicas e outros espa\u00e7os de discuss\u00e3o, al\u00e9m de garantir elei\u00e7\u00f5es justas e transparentes. \u00a0Realizar reformas pol\u00edticas, tornando as campanhas eleitorais mais justas e transparentes, al\u00e9m de garantir a representatividade e a governabilidade. \u00a0Exigir conduta \u00e9tica e transparente dos pol\u00edticos, promovendo a responsabiliza\u00e7\u00e3o por seus atos e a puni\u00e7\u00e3o de desvios de conduta.\u00a0Reconhecer a import\u00e2ncia da pol\u00edtica como ferramenta de transforma\u00e7\u00e3o social e promover o debate p\u00fablico sobre temas relevantes para a sociedade.<\/p>\n<p style=\"text-align: justify;\">\n<p style=\"text-align: justify;\">A educa\u00e7\u00e3o pol\u00edtica \u00e9 um investimento no futuro da democracia, pois contribui para a forma\u00e7\u00e3o de cidad\u00e3os conscientes, cr\u00edticos e engajados, capazes de transformar a sociedade para melhor.<\/p>\n","protected":false},"excerpt":{"rendered":"<p>O mspontocom publica semanalmente artigo de Gaud\u00eancio Torquato. Torquato \u00e9 escritor, jornalista, professor titular da USP e consultor pol\u00edtico &nbsp; O recente epis\u00f3dio de obstru\u00e7\u00e3o da pauta legislativa na C\u00e2mara Federal, quando bolsonaristas promoveram um motim, impedindo, por dois dias, o trabalho regular do Congresso, sinaliza a continuidade da crise democr\u00e1tica que, h\u00e1 d\u00e9cadas, corr\u00f3i [&hellip;]<\/p>\n","protected":false},"author":2,"featured_media":202183,"comment_status":"open","ping_status":"open","sticky":false,"template":"","format":"standard","meta":{"_monsterinsights_skip_tracking":false,"_monsterinsights_sitenote_active":false,"_monsterinsights_sitenote_note":"","_monsterinsights_sitenote_category":0},"categories":[12],"tags":[17132,34523],"aioseo_notices":[],"_links":{"self":[{"href":"http:\/\/mspontocom.com.br\/site\/wp-json\/wp\/v2\/posts\/202182"}],"collection":[{"href":"http:\/\/mspontocom.com.br\/site\/wp-json\/wp\/v2\/posts"}],"about":[{"href":"http:\/\/mspontocom.com.br\/site\/wp-json\/wp\/v2\/types\/post"}],"author":[{"embeddable":true,"href":"http:\/\/mspontocom.com.br\/site\/wp-json\/wp\/v2\/users\/2"}],"replies":[{"embeddable":true,"href":"http:\/\/mspontocom.com.br\/site\/wp-json\/wp\/v2\/comments?post=202182"}],"version-history":[{"count":1,"href":"http:\/\/mspontocom.com.br\/site\/wp-json\/wp\/v2\/posts\/202182\/revisions"}],"predecessor-version":[{"id":202184,"href":"http:\/\/mspontocom.com.br\/site\/wp-json\/wp\/v2\/posts\/202182\/revisions\/202184"}],"wp:featuredmedia":[{"embeddable":true,"href":"http:\/\/mspontocom.com.br\/site\/wp-json\/wp\/v2\/media\/202183"}],"wp:attachment":[{"href":"http:\/\/mspontocom.com.br\/site\/wp-json\/wp\/v2\/media?parent=202182"}],"wp:term":[{"taxonomy":"category","embeddable":true,"href":"http:\/\/mspontocom.com.br\/site\/wp-json\/wp\/v2\/categories?post=202182"},{"taxonomy":"post_tag","embeddable":true,"href":"http:\/\/mspontocom.com.br\/site\/wp-json\/wp\/v2\/tags?post=202182"}],"curies":[{"name":"wp","href":"https:\/\/api.w.org\/{rel}","templated":true}]}}