{"id":202264,"date":"2025-08-16T06:29:35","date_gmt":"2025-08-16T10:29:35","guid":{"rendered":"https:\/\/mspontocom.com.br\/site\/?p=202264"},"modified":"2025-08-16T06:29:35","modified_gmt":"2025-08-16T10:29:35","slug":"escalada-das-tensoes-eua-avaliam-barrar-selecao-brasileira-na-copa","status":"publish","type":"post","link":"http:\/\/mspontocom.com.br\/site\/escalada-das-tensoes-eua-avaliam-barrar-selecao-brasileira-na-copa\/","title":{"rendered":"Escalada das tens\u00f5es: EUA avaliam barrar Sele\u00e7\u00e3o Brasileira na Copa"},"content":{"rendered":"<p style=\"text-align: justify;\"><img loading=\"lazy\" class=\"alignnone size-full wp-image-202272\" src=\"http:\/\/mspontocom.com.br\/site\/wp-content\/uploads\/2025\/08\/site-com-escalada-das-tensoes-eua-avaliam-barrar-selecao-brasileira-na-copa-selecao-e1755339958532.jpg\" alt=\"\" width=\"842\" height=\"652\" srcset=\"http:\/\/mspontocom.com.br\/site\/wp-content\/uploads\/2025\/08\/site-com-escalada-das-tensoes-eua-avaliam-barrar-selecao-brasileira-na-copa-selecao-e1755339958532.jpg 842w, http:\/\/mspontocom.com.br\/site\/wp-content\/uploads\/2025\/08\/site-com-escalada-das-tensoes-eua-avaliam-barrar-selecao-brasileira-na-copa-selecao-e1755339958532-260x201.jpg 260w, http:\/\/mspontocom.com.br\/site\/wp-content\/uploads\/2025\/08\/site-com-escalada-das-tensoes-eua-avaliam-barrar-selecao-brasileira-na-copa-selecao-e1755339958532-768x595.jpg 768w\" sizes=\"(max-width: 842px) 100vw, 842px\" \/>O cancelamento do visto de toda delega\u00e7\u00e3o da Sele\u00e7\u00e3o Brasileira \u00e0s v\u00e9speras da <strong>Copa do Mundo,<\/strong> est\u00e1 mesmo entre as op\u00e7\u00f5es de san\u00e7\u00f5es contra o Brasil, ap\u00f3s a escalada das tens\u00f5es.<\/p>\n<p style=\"text-align: justify;\">A possibilidade j\u00e1 \u00e9 discutida entre congressistas dos Estados Unidos, incluindo senadores pr\u00f3ximos \u00e0 Casa Branca.<\/p>\n<div class=\"notas\">\n<div id=\"Nota-2\" class=\"entry-block ch-nota Nota-2\" style=\"text-align: justify;\">\n<h3>Pol\u00edtica go home<\/h3>\n<\/div>\n<p style=\"text-align: justify;\">A Fifa, cujo presidente se d\u00e1 bem com Trump, ter\u00e1 papel decisivo: nem mesmo pa\u00edses-sede ditatoriais barram sele\u00e7\u00f5es de na\u00e7\u00f5es inimigas.<\/p>\n<div id=\"Nota-3\" class=\"entry-block ch-nota Nota-3\" style=\"text-align: justify;\">\n<h3>No cora\u00e7\u00e3o<\/h3>\n<\/div>\n<p style=\"text-align: justify;\">Trumpistas do Maga acham que as san\u00e7\u00f5es j\u00e1 impostas ao Brasil \u201cn\u00e3o foram suficientes\u201d e querem san\u00e7\u00f5es que \u201cmachuquem mais\u201d.<\/p>\n<div id=\"Nota-4\" class=\"entry-block ch-nota Nota-4\" style=\"text-align: justify;\">\n<h3>Fl\u00f3rida no horizonte<\/h3>\n<\/div>\n<p style=\"text-align: justify;\">A Copa de 2026 ser\u00e1 nos EUA, M\u00e9xico e Canad\u00e1, com a maioria dos jogos em territ\u00f3rio americano. A CBF negocia sediar o time na Fl\u00f3rida.<\/p>\n<div id=\"Nota-5\" class=\"entry-block ch-nota Nota-5\" style=\"text-align: justify;\"><\/div>\n<p style=\"text-align: justify;\">fonte: Coluna Claudio Humberto, Di\u00e1rio do Poder<\/p>\n<\/div>\n","protected":false},"excerpt":{"rendered":"<p>O cancelamento do visto de toda delega\u00e7\u00e3o da Sele\u00e7\u00e3o Brasileira \u00e0s v\u00e9speras da Copa do Mundo, est\u00e1 mesmo entre as op\u00e7\u00f5es de san\u00e7\u00f5es contra o Brasil, ap\u00f3s a escalada das tens\u00f5es. A possibilidade j\u00e1 \u00e9 discutida entre congressistas dos Estados Unidos, incluindo senadores pr\u00f3ximos \u00e0 Casa Branca. Pol\u00edtica go home A Fifa, cujo presidente se [&hellip;]<\/p>\n","protected":false},"author":2,"featured_media":202272,"comment_status":"open","ping_status":"open","sticky":false,"template":"","format":"standard","meta":{"_monsterinsights_skip_tracking":false,"_monsterinsights_sitenote_active":false,"_monsterinsights_sitenote_note":"","_monsterinsights_sitenote_category":0},"categories":[30260,13,2528,7,30259,12],"tags":[26351,26589,1991,1539,226],"aioseo_notices":[],"_links":{"self":[{"href":"http:\/\/mspontocom.com.br\/site\/wp-json\/wp\/v2\/posts\/202264"}],"collection":[{"href":"http:\/\/mspontocom.com.br\/site\/wp-json\/wp\/v2\/posts"}],"about":[{"href":"http:\/\/mspontocom.com.br\/site\/wp-json\/wp\/v2\/types\/post"}],"author":[{"embeddable":true,"href":"http:\/\/mspontocom.com.br\/site\/wp-json\/wp\/v2\/users\/2"}],"replies":[{"embeddable":true,"href":"http:\/\/mspontocom.com.br\/site\/wp-json\/wp\/v2\/comments?post=202264"}],"version-history":[{"count":2,"href":"http:\/\/mspontocom.com.br\/site\/wp-json\/wp\/v2\/posts\/202264\/revisions"}],"predecessor-version":[{"id":202273,"href":"http:\/\/mspontocom.com.br\/site\/wp-json\/wp\/v2\/posts\/202264\/revisions\/202273"}],"wp:featuredmedia":[{"embeddable":true,"href":"http:\/\/mspontocom.com.br\/site\/wp-json\/wp\/v2\/media\/202272"}],"wp:attachment":[{"href":"http:\/\/mspontocom.com.br\/site\/wp-json\/wp\/v2\/media?parent=202264"}],"wp:term":[{"taxonomy":"category","embeddable":true,"href":"http:\/\/mspontocom.com.br\/site\/wp-json\/wp\/v2\/categories?post=202264"},{"taxonomy":"post_tag","embeddable":true,"href":"http:\/\/mspontocom.com.br\/site\/wp-json\/wp\/v2\/tags?post=202264"}],"curies":[{"name":"wp","href":"https:\/\/api.w.org\/{rel}","templated":true}]}}