{"id":202504,"date":"2025-08-24T07:07:06","date_gmt":"2025-08-24T11:07:06","guid":{"rendered":"https:\/\/mspontocom.com.br\/site\/?p=202504"},"modified":"2025-08-24T07:07:06","modified_gmt":"2025-08-24T11:07:06","slug":"banco-suico-recebe-multa-bilionaria-em-caso-da-lava-jato","status":"publish","type":"post","link":"http:\/\/mspontocom.com.br\/site\/banco-suico-recebe-multa-bilionaria-em-caso-da-lava-jato\/","title":{"rendered":"Banco su\u00ed\u00e7o recebe multa bilion\u00e1ria em caso da Lava Jato"},"content":{"rendered":"<p style=\"text-align: justify;\"><strong><img loading=\"lazy\" class=\"alignnone size-full wp-image-202511\" src=\"http:\/\/mspontocom.com.br\/site\/wp-content\/uploads\/2025\/08\/site-banco-suico-recebe-multa-bilionaria-em-caso-ligado-a-lava-jato-moro-alegre.jpg\" alt=\"\" width=\"980\" height=\"600\" srcset=\"http:\/\/mspontocom.com.br\/site\/wp-content\/uploads\/2025\/08\/site-banco-suico-recebe-multa-bilionaria-em-caso-ligado-a-lava-jato-moro-alegre.jpg 980w, http:\/\/mspontocom.com.br\/site\/wp-content\/uploads\/2025\/08\/site-banco-suico-recebe-multa-bilionaria-em-caso-ligado-a-lava-jato-moro-alegre-260x159.jpg 260w, http:\/\/mspontocom.com.br\/site\/wp-content\/uploads\/2025\/08\/site-banco-suico-recebe-multa-bilionaria-em-caso-ligado-a-lava-jato-moro-alegre-768x470.jpg 768w\" sizes=\"(max-width: 980px) 100vw, 980px\" \/>Enquanto no Brasil quase todos os processos da Lava Jato contra empreiteiras e contra o atual presidente Lula foram anulados pelo STF<\/strong>, a Justi\u00e7a de outros pa\u00edses segue condenando acusados.<\/p>\n<p style=\"text-align: justify;\">Agora, foi a vez do banco su\u00ed\u00e7o J. Safra Sarasin, adquirido pelo Grupo Safra em 2011.<\/p>\n<p style=\"text-align: justify;\">O Minist\u00e9rio P\u00fablico da Su\u00ed\u00e7a multou a institui\u00e7\u00e3o financeira em 3,5 milh\u00f5es de francos su\u00ed\u00e7os (US$ 4,3 milh\u00f5es) por n\u00e3o ter tomado provid\u00eancias \u201crazo\u00e1veis e necess\u00e1rias\u201d para impedir a\u00e7\u00f5es de lavagem de dinheiro que totalizaram 71 milh\u00f5es de euros de 2011 a 2014.<\/p>\n<p style=\"text-align: justify;\">O inqu\u00e9rito foi aberto pelo \u00f3rg\u00e3o su\u00ed\u00e7o em novembro de 2018.<\/p>\n<p style=\"text-align: justify;\">Na ocasi\u00e3o, as apura\u00e7\u00f5es das autoridades do pa\u00eds indicaram que uma das ex-gestoras de patrim\u00f4nio do banco teria atuado como c\u00famplice de um<strong> esquema de corrup\u00e7\u00e3o de \u201cagentes p\u00fablicos estrangeiros e lavagem de dinheiro agravada\u201d \u2013a Opera\u00e7\u00e3o Lava Jato. <\/strong><\/p>\n<p style=\"text-align: justify;\">Em nota, o Minist\u00e9rio P\u00fablico su\u00ed\u00e7o afirmou que \u201ca presente condena\u00e7\u00e3o est\u00e1 relacionada com o caso de <strong>corrup\u00e7\u00e3o internacional conhecido como \u2018Lava Jato\u2019,<\/strong> envolvendo a petrol\u00edfera estatal brasileira Petrobras, parte demandante no presente processo\u201d.<\/p>\n<p style=\"text-align: justify;\">Segundo a investiga\u00e7\u00e3o, contas banc\u00e1rias geridas pela institui\u00e7\u00e3o foram utilizadas para opera\u00e7\u00f5es de suborno a executivos da Petrobras.<\/p>\n<p style=\"text-align: justify;\">O dinheiro teria sido usado para \u201cfavorecer interesses\u201d de subsidi\u00e1rias da estatal na \u201cnegocia\u00e7\u00e3o e execu\u00e7\u00e3o de contratos\u201d.<\/p>\n<p style=\"text-align: justify;\"><span style=\"font-size: 14pt;\"><strong>ACORDO COM A PETROBRAS <\/strong><\/span><\/p>\n<p style=\"text-align: justify;\">Na decis\u00e3o publicada na 6\u00aa feira, o MP su\u00ed\u00e7o informou que o J. Safra Sarasin chegou a pagar US$ 19,7 milh\u00f5es \u00e0 Petrobras, que \u00e9 uma das partes demandantes do processo.<\/p>\n<p style=\"text-align: justify;\">Por este motivo, a Justi\u00e7a do pa\u00eds europeu decidiu que nenhum pagamento adicional seria necess\u00e1rio al\u00e9m da multa aplicada ao banco.<\/p>\n<p style=\"text-align: justify;\">fonte: Poder 360<\/p>\n","protected":false},"excerpt":{"rendered":"<p>Enquanto no Brasil quase todos os processos da Lava Jato contra empreiteiras e contra o atual presidente Lula foram anulados pelo STF, a Justi\u00e7a de outros pa\u00edses segue condenando acusados. Agora, foi a vez do banco su\u00ed\u00e7o J. Safra Sarasin, adquirido pelo Grupo Safra em 2011. O Minist\u00e9rio P\u00fablico da Su\u00ed\u00e7a multou a institui\u00e7\u00e3o financeira [&hellip;]<\/p>\n","protected":false},"author":2,"featured_media":202511,"comment_status":"open","ping_status":"open","sticky":false,"template":"","format":"standard","meta":{"_monsterinsights_skip_tracking":false,"_monsterinsights_sitenote_active":false,"_monsterinsights_sitenote_note":"","_monsterinsights_sitenote_category":0},"categories":[2528,7,30259,12],"tags":[36373,21419,43453],"aioseo_notices":[],"_links":{"self":[{"href":"http:\/\/mspontocom.com.br\/site\/wp-json\/wp\/v2\/posts\/202504"}],"collection":[{"href":"http:\/\/mspontocom.com.br\/site\/wp-json\/wp\/v2\/posts"}],"about":[{"href":"http:\/\/mspontocom.com.br\/site\/wp-json\/wp\/v2\/types\/post"}],"author":[{"embeddable":true,"href":"http:\/\/mspontocom.com.br\/site\/wp-json\/wp\/v2\/users\/2"}],"replies":[{"embeddable":true,"href":"http:\/\/mspontocom.com.br\/site\/wp-json\/wp\/v2\/comments?post=202504"}],"version-history":[{"count":2,"href":"http:\/\/mspontocom.com.br\/site\/wp-json\/wp\/v2\/posts\/202504\/revisions"}],"predecessor-version":[{"id":202512,"href":"http:\/\/mspontocom.com.br\/site\/wp-json\/wp\/v2\/posts\/202504\/revisions\/202512"}],"wp:featuredmedia":[{"embeddable":true,"href":"http:\/\/mspontocom.com.br\/site\/wp-json\/wp\/v2\/media\/202511"}],"wp:attachment":[{"href":"http:\/\/mspontocom.com.br\/site\/wp-json\/wp\/v2\/media?parent=202504"}],"wp:term":[{"taxonomy":"category","embeddable":true,"href":"http:\/\/mspontocom.com.br\/site\/wp-json\/wp\/v2\/categories?post=202504"},{"taxonomy":"post_tag","embeddable":true,"href":"http:\/\/mspontocom.com.br\/site\/wp-json\/wp\/v2\/tags?post=202504"}],"curies":[{"name":"wp","href":"https:\/\/api.w.org\/{rel}","templated":true}]}}