{"id":202580,"date":"2025-08-26T06:00:00","date_gmt":"2025-08-26T10:00:00","guid":{"rendered":"https:\/\/mspontocom.com.br\/site\/?p=202580"},"modified":"2025-08-26T06:00:00","modified_gmt":"2025-08-26T10:00:00","slug":"amazon-google-apple-microsoft-enviam-carta-a-trump-contra-stf-e-lula","status":"publish","type":"post","link":"http:\/\/mspontocom.com.br\/site\/amazon-google-apple-microsoft-enviam-carta-a-trump-contra-stf-e-lula\/","title":{"rendered":"Amazon, Google, Apple, Microsoft, enviam carta a Trump contra STF e Lula"},"content":{"rendered":"<p style=\"text-align: justify;\"><img loading=\"lazy\" class=\"alignnone size-full wp-image-202593\" src=\"http:\/\/mspontocom.com.br\/site\/wp-content\/uploads\/2025\/08\/site-amazon-google-apple-microsoft-enviam-carta-a-trump-contra-stf-e-lula-lula-tecnologia.webp\" alt=\"\" width=\"848\" height=\"477\" srcset=\"http:\/\/mspontocom.com.br\/site\/wp-content\/uploads\/2025\/08\/site-amazon-google-apple-microsoft-enviam-carta-a-trump-contra-stf-e-lula-lula-tecnologia.webp 848w, http:\/\/mspontocom.com.br\/site\/wp-content\/uploads\/2025\/08\/site-amazon-google-apple-microsoft-enviam-carta-a-trump-contra-stf-e-lula-lula-tecnologia-260x146.webp 260w, http:\/\/mspontocom.com.br\/site\/wp-content\/uploads\/2025\/08\/site-amazon-google-apple-microsoft-enviam-carta-a-trump-contra-stf-e-lula-lula-tecnologia-768x432.webp 768w\" sizes=\"(max-width: 848px) 100vw, 848px\" \/>Empresas norte-americanas ligadas ao setor de tecnologia <strong>apresentaram ao governo Donald Trump<\/strong> um <strong>dossi\u00ea<\/strong> com cr\u00edticas \u00e0s medidas adotadas no Brasil sob a gest\u00e3o do governo <strong>Lula<\/strong> em rela\u00e7\u00e3o \u00e0 regula\u00e7\u00e3o da internet, intelig\u00eancia artificial e tributa\u00e7\u00e3o de plataformas digitais.<\/p>\n<p style=\"text-align: justify;\">O documento foi elaborado pelo Conselho da Ind\u00fastria da Tecnologia da Informa\u00e7\u00e3o (ITI), que re\u00fane 81 companhias, incluindo gigantes como Accenture, Adobe, AMD, Akamai, Amazon, Apple, Autodesk, Canon, Cisco, Dell, Dropbox, eBay, Equinix, Ericsson, Fujitsu, Google, HP, IBM, Intel, Lenovo, Mastercard, Meta, Microsoft, Oracle, Qualcomm, Salesforce, Samsung, SAP, Visa e outras importantes companhias globais.<\/p>\n<p style=\"text-align: justify;\">O texto, enviado ao Escrit\u00f3rio do Representante Comercial dos Estados Unidos (USTR), insere-se no processo de investiga\u00e7\u00e3o sobre pr\u00e1ticas comerciais brasileiras conduzido pela gest\u00e3o Trump.<\/p>\n<p style=\"text-align: justify;\">As cr\u00edticas miram decis\u00f5es recentes do<strong> STF<\/strong>, normas definidas pela Ag\u00eancia Nacional de Telecomunica\u00e7\u00f5es (Anatel) e declara\u00e7\u00f5es do presidente Lula sobre a inten\u00e7\u00e3o de taxar as big techs.<\/p>\n<p style=\"text-align: justify;\"><span style=\"font-size: 18pt;\"><strong>STF e a internet<\/strong><\/span><\/p>\n<p style=\"text-align: justify;\">Um dos principais pontos de atrito \u00e9 a mudan\u00e7a de entendimento em torno do artigo 19 do Marco Civil da Internet.<\/p>\n<p style=\"text-align: justify;\">Em junho, o STF decidiu que plataformas digitais podem ser responsabilizadas por conte\u00fados de terceiros caso n\u00e3o atendam a solicita\u00e7\u00f5es de remo\u00e7\u00e3o mesmo que feitas fora da esfera judicial.<\/p>\n<p style=\"text-align: justify;\">Para a ITI, a decis\u00e3o elimina o \u201cporto seguro\u201d que protegia as empresas de a\u00e7\u00f5es judiciais sem ordem formal, aumentando custos e incentivando remo\u00e7\u00f5es preventivas de conte\u00fado, o que, na vis\u00e3o do grupo, <strong>pode gerar censura e silenciar discursos pol\u00edticos.<\/strong><\/p>\n<p style=\"text-align: justify;\"><span style=\"font-size: 18pt;\"><strong>Taxa\u00e7\u00e3o digital<\/strong><\/span><\/p>\n<p style=\"text-align: justify;\">As empresas tamb\u00e9m pediram aten\u00e7\u00e3o \u00e0 proposta de cria\u00e7\u00e3o da Contribui\u00e7\u00e3o Social Digital (CSD), apresentada pelo deputado Guilherme Boulos (PSOL-SP), que prev\u00ea tributa\u00e7\u00e3o sobre publicidade digital baseada em dados de usu\u00e1rios e sobre a venda dessas informa\u00e7\u00f5es.<\/p>\n<p style=\"text-align: justify;\">Al\u00e9m disso, destacaram declara\u00e7\u00f5es de Lula sobre a inten\u00e7\u00e3o de tributar big techs no Brasil.<\/p>\n<div class=\"single-content\">\n<p style=\"text-align: justify;\"><span style=\"font-size: 18pt;\"><strong>Normas da Anatel<\/strong><\/span><\/p>\n<p style=\"text-align: justify;\">O setor tamb\u00e9m criticou a resolu\u00e7\u00e3o da Anatel que atribui responsabilidade aos marketplaces, como Amazon, Shopee e Mercado Livre, por an\u00fancios de produtos irregulares, mesmo que as plataformas atuem apenas na promo\u00e7\u00e3o.<\/p>\n<p style=\"text-align: justify;\">Segundo a ITI, a regra <strong>amplia a inseguran\u00e7a jur\u00eddica<\/strong> e pode desestimular investimentos no mercado digital brasileiro.<\/p>\n<p style=\"text-align: justify;\"><span style=\"font-size: 18pt;\"><strong>Intelig\u00eancia artificial<\/strong><\/span><\/p>\n<p style=\"text-align: justify;\">Outro ponto destacado no documento \u00e9 o projeto de lei 2338\/2023, que cria regras para o uso de intelig\u00eancia artificial no Brasil.<\/p>\n<p style=\"text-align: justify;\">O texto prev\u00ea remunera\u00e7\u00e3o a autores de conte\u00fados utilizados por ferramentas de IA e normas de prote\u00e7\u00e3o de direitos autorais mais r\u00edgidas.<\/p>\n<p style=\"text-align: justify;\">Para a ITI, as exig\u00eancias s\u00e3o \u201cinvi\u00e1veis do ponto de vista t\u00e9cnico e operacional\u201d e prejudicariam empresas americanas que competem diretamente com a ind\u00fastria chinesa.<\/p>\n<p style=\"text-align: justify;\"><span style=\"font-size: 18pt;\"><strong>Pedido de interven\u00e7\u00e3o<\/strong><\/span><\/p>\n<p style=\"text-align: justify;\">No documento, a ITI afirma que o governo dos Estados Unidos deve \u201cpermanecer vigilante\u201d contra medidas que visem empresas americanas e refor\u00e7a a necessidade de di\u00e1logo direto entre Washington e Bras\u00edlia para evitar retrocessos no ambiente regulat\u00f3rio.<\/p>\n<p style=\"text-align: justify;\">fonte: Conex\u00e3o Pol\u00edtica<\/p>\n<\/div>\n","protected":false},"excerpt":{"rendered":"<p>Empresas norte-americanas ligadas ao setor de tecnologia apresentaram ao governo Donald Trump um dossi\u00ea com cr\u00edticas \u00e0s medidas adotadas no Brasil sob a gest\u00e3o do governo Lula em rela\u00e7\u00e3o \u00e0 regula\u00e7\u00e3o da internet, intelig\u00eancia artificial e tributa\u00e7\u00e3o de plataformas digitais. O documento foi elaborado pelo Conselho da Ind\u00fastria da Tecnologia da Informa\u00e7\u00e3o (ITI), que re\u00fane [&hellip;]<\/p>\n","protected":false},"author":2,"featured_media":202593,"comment_status":"open","ping_status":"open","sticky":false,"template":"","format":"standard","meta":{"_monsterinsights_skip_tracking":false,"_monsterinsights_sitenote_active":false,"_monsterinsights_sitenote_note":"","_monsterinsights_sitenote_category":0},"categories":[30260,7,30259,12,70],"tags":[3979,238,24285,23797,1891,480,361,3014,28326],"aioseo_notices":[],"_links":{"self":[{"href":"http:\/\/mspontocom.com.br\/site\/wp-json\/wp\/v2\/posts\/202580"}],"collection":[{"href":"http:\/\/mspontocom.com.br\/site\/wp-json\/wp\/v2\/posts"}],"about":[{"href":"http:\/\/mspontocom.com.br\/site\/wp-json\/wp\/v2\/types\/post"}],"author":[{"embeddable":true,"href":"http:\/\/mspontocom.com.br\/site\/wp-json\/wp\/v2\/users\/2"}],"replies":[{"embeddable":true,"href":"http:\/\/mspontocom.com.br\/site\/wp-json\/wp\/v2\/comments?post=202580"}],"version-history":[{"count":2,"href":"http:\/\/mspontocom.com.br\/site\/wp-json\/wp\/v2\/posts\/202580\/revisions"}],"predecessor-version":[{"id":202594,"href":"http:\/\/mspontocom.com.br\/site\/wp-json\/wp\/v2\/posts\/202580\/revisions\/202594"}],"wp:featuredmedia":[{"embeddable":true,"href":"http:\/\/mspontocom.com.br\/site\/wp-json\/wp\/v2\/media\/202593"}],"wp:attachment":[{"href":"http:\/\/mspontocom.com.br\/site\/wp-json\/wp\/v2\/media?parent=202580"}],"wp:term":[{"taxonomy":"category","embeddable":true,"href":"http:\/\/mspontocom.com.br\/site\/wp-json\/wp\/v2\/categories?post=202580"},{"taxonomy":"post_tag","embeddable":true,"href":"http:\/\/mspontocom.com.br\/site\/wp-json\/wp\/v2\/tags?post=202580"}],"curies":[{"name":"wp","href":"https:\/\/api.w.org\/{rel}","templated":true}]}}