{"id":202838,"date":"2025-09-03T06:27:40","date_gmt":"2025-09-03T10:27:40","guid":{"rendered":"https:\/\/mspontocom.com.br\/site\/?p=202838"},"modified":"2025-09-03T06:27:40","modified_gmt":"2025-09-03T10:27:40","slug":"perseguicao-politica-no-brasil-chega-a-comissao-internacional-de-direitos-humanos","status":"publish","type":"post","link":"http:\/\/mspontocom.com.br\/site\/perseguicao-politica-no-brasil-chega-a-comissao-internacional-de-direitos-humanos\/","title":{"rendered":"Persegui\u00e7\u00e3o pol\u00edtica no Brasil chega \u00e0 Comiss\u00e3o Internacional de Direitos Humanos"},"content":{"rendered":"<p style=\"text-align: justify;\"><img loading=\"lazy\" class=\"alignnone size-full wp-image-202840\" src=\"http:\/\/mspontocom.com.br\/site\/wp-content\/uploads\/2025\/09\/site-perseguicao-politica-no-brasil-chega-a-comissao-internacional-de-direitos-humanos-ale1.jpeg\" alt=\"\" width=\"1300\" height=\"780\" srcset=\"http:\/\/mspontocom.com.br\/site\/wp-content\/uploads\/2025\/09\/site-perseguicao-politica-no-brasil-chega-a-comissao-internacional-de-direitos-humanos-ale1.jpeg 1300w, http:\/\/mspontocom.com.br\/site\/wp-content\/uploads\/2025\/09\/site-perseguicao-politica-no-brasil-chega-a-comissao-internacional-de-direitos-humanos-ale1-260x156.jpeg 260w, http:\/\/mspontocom.com.br\/site\/wp-content\/uploads\/2025\/09\/site-perseguicao-politica-no-brasil-chega-a-comissao-internacional-de-direitos-humanos-ale1-1024x614.jpeg 1024w, http:\/\/mspontocom.com.br\/site\/wp-content\/uploads\/2025\/09\/site-perseguicao-politica-no-brasil-chega-a-comissao-internacional-de-direitos-humanos-ale1-768x461.jpeg 768w\" sizes=\"(max-width: 1300px) 100vw, 1300px\" \/>Enquanto o Supremo Tribunal Federal julga o ex-presidente Jair Bolsonaro, den\u00fancias de persegui\u00e7\u00e3o pol\u00edtica contra opositores ao atual governo est\u00e3o sendo formalmente levadas a inst\u00e2ncias internacionais.<\/p>\n<p>As acusa\u00e7\u00f5es est\u00e3o sendo protocoladas na<strong> Comiss\u00e3o Interamericana de Direitos Humanos (CIDH)<\/strong> e no <strong>Tribunal Penal Internacional (TPI)<\/strong>.<\/p>\n<p style=\"text-align: justify;\">Os documentos re\u00fanem uma s\u00e9rie de relatos sobre viola\u00e7\u00f5es sistem\u00e1ticas de liberdades civis e garantias individuais, especialmente contra pol\u00edticos, comunicadores e cidad\u00e3os identificados com a direita brasileira.<\/p>\n<p>Entre os pontos apresentados, est\u00e3o bloqueios de contas banc\u00e1rias sem pr\u00e9via notifica\u00e7\u00e3o judicial, pris\u00f5es preventivas mantidas por tempo indeterminado, censura em plataformas digitais, remo\u00e7\u00e3o for\u00e7ada de conte\u00fado, al\u00e9m de cassa\u00e7\u00f5es de mandatos parlamentares sem pleno direito \u00e0 defesa ou ampla transpar\u00eancia no processo.<\/p>\n<p>As den\u00fancias ainda incluem alertas sobre abusos dentro do sistema prisional, como casos de neglig\u00eancia m\u00e9dica, isolamento prolongado, viol\u00eancia psicol\u00f3gica e f\u00edsica, e at\u00e9 mortes de detentos envolvidos nos protestos de 8 de janeiro.<\/p>\n<p>Em Bras\u00edlia, pelo menos dois \u00f3bitos foram registrados em penitenci\u00e1rias, sob circunst\u00e2ncias ainda n\u00e3o esclarecidas, o que motivou o envio de novos pedidos de investiga\u00e7\u00e3o externa.<\/p>\n<p>Al\u00e9m das lideran\u00e7as nos Estados Unidos, congressistas da Uni\u00e3o Europeia tamb\u00e9m passaram a se articular em torno do tema.<\/p>\n<p style=\"text-align: justify;\">Parlamentares de pa\u00edses como <strong>Alemanha, Portugal, Espanha, Pol\u00f4nia, Hungria, Fran\u00e7a, It\u00e1lia, Irlanda e Pa\u00edses Baixos<\/strong> t\u00eam mantido interlocu\u00e7\u00e3o direta com o deputado federal<strong> Eduardo Bolsonaro<\/strong>, em alinhamento com os relat\u00f3rios apresentados por institui\u00e7\u00f5es americanas e com as san\u00e7\u00f5es aplicadas pelo presidente <strong>Donald Trump.<\/strong><\/p>\n<p>Organiza\u00e7\u00f5es ligadas \u00e0 defesa dos direitos humanos tamb\u00e9m t\u00eam acompanhado o caso.<\/p>\n<p style=\"text-align: justify;\">A expectativa \u00e9 que os \u00f3rg\u00e3os internacionais comecem a analisar os documentos nas pr\u00f3ximas semanas.<\/p>\n<p style=\"text-align: justify;\">Ainda neste m\u00eas, est\u00e1 prevista a cria\u00e7\u00e3o de uma frente ampla no Parlamento Europeu, com foco exclusivo no Brasil, para monitorar e responder \u00e0s den\u00fancias de persegui\u00e7\u00f5es pol\u00edticas em larga escala contra opositores do governo Lula e do STF.<\/p>\n","protected":false},"excerpt":{"rendered":"<p>Enquanto o Supremo Tribunal Federal julga o ex-presidente Jair Bolsonaro, den\u00fancias de persegui\u00e7\u00e3o pol\u00edtica contra opositores ao atual governo est\u00e3o sendo formalmente levadas a inst\u00e2ncias internacionais. As acusa\u00e7\u00f5es est\u00e3o sendo protocoladas na Comiss\u00e3o Interamericana de Direitos Humanos (CIDH) e no Tribunal Penal Internacional (TPI). Os documentos re\u00fanem uma s\u00e9rie de relatos sobre viola\u00e7\u00f5es sistem\u00e1ticas de [&hellip;]<\/p>\n","protected":false},"author":2,"featured_media":202840,"comment_status":"open","ping_status":"open","sticky":false,"template":"","format":"standard","meta":{"_monsterinsights_skip_tracking":false,"_monsterinsights_sitenote_active":false,"_monsterinsights_sitenote_note":"","_monsterinsights_sitenote_category":0},"categories":[30260,2528,7,30259,12],"tags":[3721,43498,1304,319,32401],"aioseo_notices":[],"_links":{"self":[{"href":"http:\/\/mspontocom.com.br\/site\/wp-json\/wp\/v2\/posts\/202838"}],"collection":[{"href":"http:\/\/mspontocom.com.br\/site\/wp-json\/wp\/v2\/posts"}],"about":[{"href":"http:\/\/mspontocom.com.br\/site\/wp-json\/wp\/v2\/types\/post"}],"author":[{"embeddable":true,"href":"http:\/\/mspontocom.com.br\/site\/wp-json\/wp\/v2\/users\/2"}],"replies":[{"embeddable":true,"href":"http:\/\/mspontocom.com.br\/site\/wp-json\/wp\/v2\/comments?post=202838"}],"version-history":[{"count":2,"href":"http:\/\/mspontocom.com.br\/site\/wp-json\/wp\/v2\/posts\/202838\/revisions"}],"predecessor-version":[{"id":202841,"href":"http:\/\/mspontocom.com.br\/site\/wp-json\/wp\/v2\/posts\/202838\/revisions\/202841"}],"wp:featuredmedia":[{"embeddable":true,"href":"http:\/\/mspontocom.com.br\/site\/wp-json\/wp\/v2\/media\/202840"}],"wp:attachment":[{"href":"http:\/\/mspontocom.com.br\/site\/wp-json\/wp\/v2\/media?parent=202838"}],"wp:term":[{"taxonomy":"category","embeddable":true,"href":"http:\/\/mspontocom.com.br\/site\/wp-json\/wp\/v2\/categories?post=202838"},{"taxonomy":"post_tag","embeddable":true,"href":"http:\/\/mspontocom.com.br\/site\/wp-json\/wp\/v2\/tags?post=202838"}],"curies":[{"name":"wp","href":"https:\/\/api.w.org\/{rel}","templated":true}]}}