{"id":202861,"date":"2025-09-04T05:11:34","date_gmt":"2025-09-04T09:11:34","guid":{"rendered":"https:\/\/mspontocom.com.br\/site\/?p=202861"},"modified":"2025-09-04T05:11:34","modified_gmt":"2025-09-04T09:11:34","slug":"eua-dizem-a-empresarios-brasileiros-facam-lobby-em-brasilia-nao-aqui","status":"publish","type":"post","link":"http:\/\/mspontocom.com.br\/site\/eua-dizem-a-empresarios-brasileiros-facam-lobby-em-brasilia-nao-aqui\/","title":{"rendered":"EUA dizem a empres\u00e1rios brasileiros: &#8216;Fa\u00e7am lobby em Bras\u00edlia, n\u00e3o aqui"},"content":{"rendered":"<p style=\"text-align: justify;\"><img loading=\"lazy\" class=\"alignnone size-full wp-image-202870\" src=\"http:\/\/mspontocom.com.br\/site\/wp-content\/uploads\/2025\/09\/site-eua-dizem-a-empresarios-brasileiros-facam-lobby-em-brasilia-nao-aqui-donaldtrump-x-lula.webp\" alt=\"\" width=\"675\" height=\"449\" srcset=\"http:\/\/mspontocom.com.br\/site\/wp-content\/uploads\/2025\/09\/site-eua-dizem-a-empresarios-brasileiros-facam-lobby-em-brasilia-nao-aqui-donaldtrump-x-lula.webp 675w, http:\/\/mspontocom.com.br\/site\/wp-content\/uploads\/2025\/09\/site-eua-dizem-a-empresarios-brasileiros-facam-lobby-em-brasilia-nao-aqui-donaldtrump-x-lula-260x173.webp 260w\" sizes=\"(max-width: 675px) 100vw, 675px\" \/>O vice-secret\u00e1rio de Estado dos Estados Unidos Christopher Landau recebeu o presidente da Confedera\u00e7\u00e3o Nacional da Ind\u00fastria (CNI), Ricardo Alban, o embaixador Roberto Azev\u00eado e Abr\u00e3o Neto, CEO da C\u00e2mara de Com\u00e9rcio Brasil e Estados Unidos\u00a0 na sede do \u00f3rg\u00e3o diplom\u00e1tico americano, em Washington.<\/p>\n<p style=\"text-align: justify;\">Os empres\u00e1rios tentavam abrir uma porta de negocia\u00e7\u00e3o comercial para as tarifas de 50% sobre produtos brasileiros, em vigor desde o \u00faltimo dia 6.<\/p>\n<p style=\"text-align: justify;\">Segundo fontes da administra\u00e7\u00e3o Trump, foi um di\u00e1logo &#8220;franco&#8221;, em que os diplomatas americanos disseram aos representantes do PIB brasileiro que est\u00e3o abertos a conversar mas que <strong>eles estariam batendo na porta errada. <\/strong><\/p>\n<blockquote><p><span style=\"font-size: 14pt;\"><em>&#8220;Dissemos que as tarifas s\u00e3o pol\u00edticas e que por isso eles deveriam ir fazer lobby em Bras\u00edlia e n\u00e3o em Washington D.C.&#8221;, afirmou \u00e0 coluna um dos interlocutores presentes na reuni\u00e3o.<\/em><\/span><\/p><\/blockquote>\n<p style=\"text-align: justify;\">\u00a0Segundo um dos presentes ao encontro, a reuni\u00e3o foi mantida em sigilo para evitar sabotagens pol\u00edticas.<\/p>\n<p style=\"text-align: justify;\">Alban afirmou que, ap\u00f3s a reuni\u00e3o no Departamento de Estado, n\u00e3o v\u00ea a possibilidade de redu\u00e7\u00e3o das tarifas sobre o Brasil no &#8220;curt\u00edssimo prazo&#8221;.<\/p>\n<p style=\"text-align: justify;\">&#8220;Talvez aumento da lista de exce\u00e7\u00f5es&#8221;, afirmou, referindo-se aos quase 700 produtos isentos da taxa pela Casa Branca, entre os quais aeronaves e sucos de laranja.<\/p>\n","protected":false},"excerpt":{"rendered":"<p>O vice-secret\u00e1rio de Estado dos Estados Unidos Christopher Landau recebeu o presidente da Confedera\u00e7\u00e3o Nacional da Ind\u00fastria (CNI), Ricardo Alban, o embaixador Roberto Azev\u00eado e Abr\u00e3o Neto, CEO da C\u00e2mara de Com\u00e9rcio Brasil e Estados Unidos\u00a0 na sede do \u00f3rg\u00e3o diplom\u00e1tico americano, em Washington. Os empres\u00e1rios tentavam abrir uma porta de negocia\u00e7\u00e3o comercial para as [&hellip;]<\/p>\n","protected":false},"author":2,"featured_media":202870,"comment_status":"open","ping_status":"open","sticky":false,"template":"","format":"standard","meta":{"_monsterinsights_skip_tracking":false,"_monsterinsights_sitenote_active":false,"_monsterinsights_sitenote_note":"","_monsterinsights_sitenote_category":0},"categories":[30260,15,7,30259,12],"tags":[359,1065,3720,1539,24629],"aioseo_notices":[],"_links":{"self":[{"href":"http:\/\/mspontocom.com.br\/site\/wp-json\/wp\/v2\/posts\/202861"}],"collection":[{"href":"http:\/\/mspontocom.com.br\/site\/wp-json\/wp\/v2\/posts"}],"about":[{"href":"http:\/\/mspontocom.com.br\/site\/wp-json\/wp\/v2\/types\/post"}],"author":[{"embeddable":true,"href":"http:\/\/mspontocom.com.br\/site\/wp-json\/wp\/v2\/users\/2"}],"replies":[{"embeddable":true,"href":"http:\/\/mspontocom.com.br\/site\/wp-json\/wp\/v2\/comments?post=202861"}],"version-history":[{"count":2,"href":"http:\/\/mspontocom.com.br\/site\/wp-json\/wp\/v2\/posts\/202861\/revisions"}],"predecessor-version":[{"id":202871,"href":"http:\/\/mspontocom.com.br\/site\/wp-json\/wp\/v2\/posts\/202861\/revisions\/202871"}],"wp:featuredmedia":[{"embeddable":true,"href":"http:\/\/mspontocom.com.br\/site\/wp-json\/wp\/v2\/media\/202870"}],"wp:attachment":[{"href":"http:\/\/mspontocom.com.br\/site\/wp-json\/wp\/v2\/media?parent=202861"}],"wp:term":[{"taxonomy":"category","embeddable":true,"href":"http:\/\/mspontocom.com.br\/site\/wp-json\/wp\/v2\/categories?post=202861"},{"taxonomy":"post_tag","embeddable":true,"href":"http:\/\/mspontocom.com.br\/site\/wp-json\/wp\/v2\/tags?post=202861"}],"curies":[{"name":"wp","href":"https:\/\/api.w.org\/{rel}","templated":true}]}}