{"id":202929,"date":"2025-09-06T06:39:26","date_gmt":"2025-09-06T10:39:26","guid":{"rendered":"https:\/\/mspontocom.com.br\/site\/?p=202929"},"modified":"2025-09-06T06:39:26","modified_gmt":"2025-09-06T10:39:26","slug":"trump-diz-que-governo-do-brasil-e-de-esquerda-radical","status":"publish","type":"post","link":"http:\/\/mspontocom.com.br\/site\/trump-diz-que-governo-do-brasil-e-de-esquerda-radical\/","title":{"rendered":"Trump diz que governo do Brasil \u00e9 de \u201cesquerda radical\u201d"},"content":{"rendered":"<p style=\"text-align: justify;\"><img loading=\"lazy\" class=\"alignnone size-full wp-image-202937\" src=\"http:\/\/mspontocom.com.br\/site\/wp-content\/uploads\/2025\/09\/site-trump-diz-que-governo-do-brasil-e-de-esquerda-radical-ale-trump1.jpg\" alt=\"\" width=\"1280\" height=\"720\" srcset=\"http:\/\/mspontocom.com.br\/site\/wp-content\/uploads\/2025\/09\/site-trump-diz-que-governo-do-brasil-e-de-esquerda-radical-ale-trump1.jpg 1280w, http:\/\/mspontocom.com.br\/site\/wp-content\/uploads\/2025\/09\/site-trump-diz-que-governo-do-brasil-e-de-esquerda-radical-ale-trump1-260x146.jpg 260w, http:\/\/mspontocom.com.br\/site\/wp-content\/uploads\/2025\/09\/site-trump-diz-que-governo-do-brasil-e-de-esquerda-radical-ale-trump1-1024x576.jpg 1024w, http:\/\/mspontocom.com.br\/site\/wp-content\/uploads\/2025\/09\/site-trump-diz-que-governo-do-brasil-e-de-esquerda-radical-ale-trump1-768x432.jpg 768w\" sizes=\"(max-width: 1280px) 100vw, 1280px\" \/>O presidente dos Estados Unidos, Donald Trump\u00a0 declarou nesta 6\u00aa feira\u00a0 que o governo brasileiro mudou \u201cradicalmente\u201d e que <strong>\u201cficou muito de esquerda, esquerda radical\u201d<\/strong>.<\/p>\n<p style=\"text-align: justify;\">Ele deu a declara\u00e7\u00e3o em entrevista a jornalistas no Sal\u00e3o Oval da Casa Branca.<\/p>\n<p style=\"text-align: justify;\">Trump havia sido questionado sobre a possibilidade de o governo norte-americano limitar as comitivas de delega\u00e7\u00f5es estrangeiras que ir\u00e3o ao pa\u00eds para a Assembleia Geral da ONU, conforme noticiado pela ag\u00eancia de not\u00edcias Associated Press.<\/p>\n<p style=\"text-align: justify;\">Eis o que respondeu Trump:<\/p>\n<blockquote><p><span style=\"font-size: 14pt;\"><em> \u201cEstamos muito chateados com o Brasil, aplicamos tarifas muito altas porque eles est\u00e3o fazendo uma coisa infeliz. Eu amo a popula\u00e7\u00e3o do Brasil mas o governo do Brasil mudou radicalmente. Ficou muito de esquerda, de esquerda radical, e est\u00e1 machucando o Brasil, est\u00e3o indo muito mal, ent\u00e3o veremos\u201d.<\/em><\/span><\/p><\/blockquote>\n<p style=\"text-align: justify;\">Trump n\u00e3o citou nominalmente o presidente Luiz In\u00e1cio Lula da Silva (PT) nem o ex-presidente Jair Bolsonaro (PL), que come\u00e7ou a ser julgado nesta semana pelo STF por <strong>suposta<\/strong>\u00a0 tentativa de golpe.<\/p>\n","protected":false},"excerpt":{"rendered":"<p>O presidente dos Estados Unidos, Donald Trump\u00a0 declarou nesta 6\u00aa feira\u00a0 que o governo brasileiro mudou \u201cradicalmente\u201d e que \u201cficou muito de esquerda, esquerda radical\u201d. Ele deu a declara\u00e7\u00e3o em entrevista a jornalistas no Sal\u00e3o Oval da Casa Branca. Trump havia sido questionado sobre a possibilidade de o governo norte-americano limitar as comitivas de delega\u00e7\u00f5es [&hellip;]<\/p>\n","protected":false},"author":2,"featured_media":202937,"comment_status":"open","ping_status":"open","sticky":false,"template":"","format":"standard","meta":{"_monsterinsights_skip_tracking":false,"_monsterinsights_sitenote_active":false,"_monsterinsights_sitenote_note":"","_monsterinsights_sitenote_category":0},"categories":[30260,7,30259,12],"tags":[30254,21869,78,27602,28326],"aioseo_notices":[],"_links":{"self":[{"href":"http:\/\/mspontocom.com.br\/site\/wp-json\/wp\/v2\/posts\/202929"}],"collection":[{"href":"http:\/\/mspontocom.com.br\/site\/wp-json\/wp\/v2\/posts"}],"about":[{"href":"http:\/\/mspontocom.com.br\/site\/wp-json\/wp\/v2\/types\/post"}],"author":[{"embeddable":true,"href":"http:\/\/mspontocom.com.br\/site\/wp-json\/wp\/v2\/users\/2"}],"replies":[{"embeddable":true,"href":"http:\/\/mspontocom.com.br\/site\/wp-json\/wp\/v2\/comments?post=202929"}],"version-history":[{"count":3,"href":"http:\/\/mspontocom.com.br\/site\/wp-json\/wp\/v2\/posts\/202929\/revisions"}],"predecessor-version":[{"id":202939,"href":"http:\/\/mspontocom.com.br\/site\/wp-json\/wp\/v2\/posts\/202929\/revisions\/202939"}],"wp:featuredmedia":[{"embeddable":true,"href":"http:\/\/mspontocom.com.br\/site\/wp-json\/wp\/v2\/media\/202937"}],"wp:attachment":[{"href":"http:\/\/mspontocom.com.br\/site\/wp-json\/wp\/v2\/media?parent=202929"}],"wp:term":[{"taxonomy":"category","embeddable":true,"href":"http:\/\/mspontocom.com.br\/site\/wp-json\/wp\/v2\/categories?post=202929"},{"taxonomy":"post_tag","embeddable":true,"href":"http:\/\/mspontocom.com.br\/site\/wp-json\/wp\/v2\/tags?post=202929"}],"curies":[{"name":"wp","href":"https:\/\/api.w.org\/{rel}","templated":true}]}}