{"id":202970,"date":"2025-09-08T05:43:36","date_gmt":"2025-09-08T09:43:36","guid":{"rendered":"https:\/\/mspontocom.com.br\/site\/?p=202970"},"modified":"2025-09-08T05:43:36","modified_gmt":"2025-09-08T09:43:36","slug":"trump-avalia-acao-que-afetara-lula-e-governo-brasileiro","status":"publish","type":"post","link":"http:\/\/mspontocom.com.br\/site\/trump-avalia-acao-que-afetara-lula-e-governo-brasileiro\/","title":{"rendered":"Trump avalia a\u00e7\u00e3o que afetar\u00e1 Lula e governo brasileiro"},"content":{"rendered":"<section class=\"single-body-thumbnail m-negative-1 lg:mx-0\">\n<figure class=\"wp-caption alignnone img-fluid\"><\/figure>\n<\/section>\n<div class=\"single-content\">\n<p style=\"text-align: justify;\"><img loading=\"lazy\" class=\"alignnone size-full wp-image-202984\" src=\"http:\/\/mspontocom.com.br\/site\/wp-content\/uploads\/2025\/09\/site-trump-avalia-acao-que-afetara-lula-e-governo-brasileiro-donaldtrump-x-lula.webp\" alt=\"\" width=\"675\" height=\"449\" srcset=\"http:\/\/mspontocom.com.br\/site\/wp-content\/uploads\/2025\/09\/site-trump-avalia-acao-que-afetara-lula-e-governo-brasileiro-donaldtrump-x-lula.webp 675w, http:\/\/mspontocom.com.br\/site\/wp-content\/uploads\/2025\/09\/site-trump-avalia-acao-que-afetara-lula-e-governo-brasileiro-donaldtrump-x-lula-260x173.webp 260w\" sizes=\"(max-width: 675px) 100vw, 675px\" \/>Documento obtido pela ag\u00eancia Associated Press, aponta que mais\u00a0 medidas fazem parte de um esfor\u00e7o amplo da Casa Branca para endurecer a pol\u00edtica de concess\u00e3o de vistos diplom\u00e1ticos, afetando tanto a entrada quanto a mobilidade de representantes estrangeiros nos Estados Unidos.<\/p>\n<p style=\"text-align: justify;\">As restri\u00e7\u00f5es poder\u00e3o limitar a atua\u00e7\u00e3o de comitivas fora da \u00e1rea da sede da ONU, em Manhattan.<\/p>\n<p style=\"text-align: justify;\"><span style=\"font-size: 18pt;\"><strong>Brasil entra na lista<\/strong><\/span><\/p>\n<p style=\"text-align: justify;\">O memorando inclui o Brasil entre os pa\u00edses que podem ser alvo das novas diretrizes.<\/p>\n<p style=\"text-align: justify;\">Embora n\u00e3o haja defini\u00e7\u00e3o sobre os integrantes da delega\u00e7\u00e3o que seriam afetados, nem se a medida incluiria o presidente\u00a0 Lula, a presen\u00e7a brasileira na ONU tem relev\u00e2ncia diplom\u00e1tica.<\/p>\n<p style=\"text-align: justify;\">Tradicionalmente, o Brasil \u00e9 o primeiro pa\u00eds a discursar na abertura da Assembleia, seguido pelos Estados Unidos.<\/p>\n<p style=\"text-align: justify;\">Fontes ligadas \u00e0 administra\u00e7\u00e3o Trump afirmam que o Brasil passou a ser monitorado com maior aten\u00e7\u00e3o ap\u00f3s o avan\u00e7o do processo judicial contra o ex-presidente Jair Bolsonaro, aliado pol\u00edtico de Trump, acusado de envolvimento em uma tentativa de golpe de Estado.<\/p>\n<p style=\"text-align: justify;\">A poss\u00edvel retalia\u00e7\u00e3o est\u00e1 em an\u00e1lise.<\/p>\n<\/div>\n","protected":false},"excerpt":{"rendered":"<p>Documento obtido pela ag\u00eancia Associated Press, aponta que mais\u00a0 medidas fazem parte de um esfor\u00e7o amplo da Casa Branca para endurecer a pol\u00edtica de concess\u00e3o de vistos diplom\u00e1ticos, afetando tanto a entrada quanto a mobilidade de representantes estrangeiros nos Estados Unidos. As restri\u00e7\u00f5es poder\u00e3o limitar a atua\u00e7\u00e3o de comitivas fora da \u00e1rea da sede da [&hellip;]<\/p>\n","protected":false},"author":2,"featured_media":202984,"comment_status":"open","ping_status":"open","sticky":false,"template":"","format":"standard","meta":{"_monsterinsights_skip_tracking":false,"_monsterinsights_sitenote_active":false,"_monsterinsights_sitenote_note":"","_monsterinsights_sitenote_category":0},"categories":[30260,2528,7,30259,12],"tags":[6708,43525,6156,480,28326],"aioseo_notices":[],"_links":{"self":[{"href":"http:\/\/mspontocom.com.br\/site\/wp-json\/wp\/v2\/posts\/202970"}],"collection":[{"href":"http:\/\/mspontocom.com.br\/site\/wp-json\/wp\/v2\/posts"}],"about":[{"href":"http:\/\/mspontocom.com.br\/site\/wp-json\/wp\/v2\/types\/post"}],"author":[{"embeddable":true,"href":"http:\/\/mspontocom.com.br\/site\/wp-json\/wp\/v2\/users\/2"}],"replies":[{"embeddable":true,"href":"http:\/\/mspontocom.com.br\/site\/wp-json\/wp\/v2\/comments?post=202970"}],"version-history":[{"count":2,"href":"http:\/\/mspontocom.com.br\/site\/wp-json\/wp\/v2\/posts\/202970\/revisions"}],"predecessor-version":[{"id":202985,"href":"http:\/\/mspontocom.com.br\/site\/wp-json\/wp\/v2\/posts\/202970\/revisions\/202985"}],"wp:featuredmedia":[{"embeddable":true,"href":"http:\/\/mspontocom.com.br\/site\/wp-json\/wp\/v2\/media\/202984"}],"wp:attachment":[{"href":"http:\/\/mspontocom.com.br\/site\/wp-json\/wp\/v2\/media?parent=202970"}],"wp:term":[{"taxonomy":"category","embeddable":true,"href":"http:\/\/mspontocom.com.br\/site\/wp-json\/wp\/v2\/categories?post=202970"},{"taxonomy":"post_tag","embeddable":true,"href":"http:\/\/mspontocom.com.br\/site\/wp-json\/wp\/v2\/tags?post=202970"}],"curies":[{"name":"wp","href":"https:\/\/api.w.org\/{rel}","templated":true}]}}