{"id":203111,"date":"2025-09-12T06:30:11","date_gmt":"2025-09-12T10:30:11","guid":{"rendered":"https:\/\/mspontocom.com.br\/site\/?p=203111"},"modified":"2025-09-12T06:30:11","modified_gmt":"2025-09-12T10:30:11","slug":"moro-critica-fortemente-o-stf-em-julgamento-de-bolsonaro","status":"publish","type":"post","link":"http:\/\/mspontocom.com.br\/site\/moro-critica-fortemente-o-stf-em-julgamento-de-bolsonaro\/","title":{"rendered":"Moro critica fortemente o STF em julgamento de Bolsonaro"},"content":{"rendered":"<p style=\"text-align: justify;\"><img loading=\"lazy\" class=\"alignnone size-full wp-image-203112\" src=\"http:\/\/mspontocom.com.br\/site\/wp-content\/uploads\/2025\/09\/site-moro-critica-fortemente-o-stf-em-julgamento-de-bolsonaro-moromoraes.jpeg\" alt=\"\" width=\"1300\" height=\"691\" srcset=\"http:\/\/mspontocom.com.br\/site\/wp-content\/uploads\/2025\/09\/site-moro-critica-fortemente-o-stf-em-julgamento-de-bolsonaro-moromoraes.jpeg 1300w, http:\/\/mspontocom.com.br\/site\/wp-content\/uploads\/2025\/09\/site-moro-critica-fortemente-o-stf-em-julgamento-de-bolsonaro-moromoraes-260x138.jpeg 260w, http:\/\/mspontocom.com.br\/site\/wp-content\/uploads\/2025\/09\/site-moro-critica-fortemente-o-stf-em-julgamento-de-bolsonaro-moromoraes-1024x544.jpeg 1024w, http:\/\/mspontocom.com.br\/site\/wp-content\/uploads\/2025\/09\/site-moro-critica-fortemente-o-stf-em-julgamento-de-bolsonaro-moromoraes-768x408.jpeg 768w\" sizes=\"(max-width: 1300px) 100vw, 1300px\" \/>Em pronunciamento no Plen\u00e1rio,\u00a0 o senador Sergio Moro questionou a condena\u00e7\u00e3o do STF no julgamento do ex-presidente Jair Bolsonaro.<\/p>\n<p style=\"text-align: justify;\">Segundo o parlamentar, a Corte alterou a jurisprud\u00eancia vigente h\u00e1 mais de duas d\u00e9cadas para assegurar a condu\u00e7\u00e3o dos processos.<\/p>\n<blockquote><p><em>\u2014 No caso em quest\u00e3o, o Bolsonaro \u00e9 ex-presidente, ele n\u00e3o \u00e9 mais presidente. Ent\u00e3o, aquilo que atrai o foro por prerrogativa de fun\u00e7\u00e3o foi afastado. E vamos deixar claro que o STF tinha uma jurisprud\u00eancia. O Supremo, no entanto, em mar\u00e7o de 2025, mudou uma jurisprud\u00eancia consolidada de mais de 20 anos. Pareceu uma altera\u00e7\u00e3o de ocasi\u00e3o:&#8221;N\u00e3o temos compet\u00eancia para julgar e processar o ex-presidente Jair Bolsonaro, por conta da nossa jurisprud\u00eancia que vem desde 1999, mas vamos alter\u00e1-la&#8221; \u2014 declarou.<\/em><\/p><\/blockquote>\n<p style=\"text-align: justify;\">O parlamentar defendeu que os casos sejam remetidos \u00e0 primeira inst\u00e2ncia, como ocorreu no processo do ex-presidente Lula permitindo que as decis\u00f5es possam ser revistas em inst\u00e2ncias superiores.<\/p>\n<p style=\"text-align: justify;\">Moro tamb\u00e9m disse que o STF n\u00e3o possui condi\u00e7\u00f5es de julgar os r\u00e9us com imparcialidade.<\/p>\n<p style=\"text-align: justify;\">\n<p style=\"text-align: justify;\">\n<p style=\"text-align: justify;\">Fonte: Ag\u00eancia Senado<\/p>\n","protected":false},"excerpt":{"rendered":"<p>Em pronunciamento no Plen\u00e1rio,\u00a0 o senador Sergio Moro questionou a condena\u00e7\u00e3o do STF no julgamento do ex-presidente Jair Bolsonaro. Segundo o parlamentar, a Corte alterou a jurisprud\u00eancia vigente h\u00e1 mais de duas d\u00e9cadas para assegurar a condu\u00e7\u00e3o dos processos. \u2014 No caso em quest\u00e3o, o Bolsonaro \u00e9 ex-presidente, ele n\u00e3o \u00e9 mais presidente. Ent\u00e3o, aquilo [&hellip;]<\/p>\n","protected":false},"author":2,"featured_media":203112,"comment_status":"open","ping_status":"open","sticky":false,"template":"","format":"standard","meta":{"_monsterinsights_skip_tracking":false,"_monsterinsights_sitenote_active":false,"_monsterinsights_sitenote_note":"","_monsterinsights_sitenote_category":0},"categories":[2528,12],"tags":[21017,24747,2609,23158,3014],"aioseo_notices":[],"_links":{"self":[{"href":"http:\/\/mspontocom.com.br\/site\/wp-json\/wp\/v2\/posts\/203111"}],"collection":[{"href":"http:\/\/mspontocom.com.br\/site\/wp-json\/wp\/v2\/posts"}],"about":[{"href":"http:\/\/mspontocom.com.br\/site\/wp-json\/wp\/v2\/types\/post"}],"author":[{"embeddable":true,"href":"http:\/\/mspontocom.com.br\/site\/wp-json\/wp\/v2\/users\/2"}],"replies":[{"embeddable":true,"href":"http:\/\/mspontocom.com.br\/site\/wp-json\/wp\/v2\/comments?post=203111"}],"version-history":[{"count":2,"href":"http:\/\/mspontocom.com.br\/site\/wp-json\/wp\/v2\/posts\/203111\/revisions"}],"predecessor-version":[{"id":203114,"href":"http:\/\/mspontocom.com.br\/site\/wp-json\/wp\/v2\/posts\/203111\/revisions\/203114"}],"wp:featuredmedia":[{"embeddable":true,"href":"http:\/\/mspontocom.com.br\/site\/wp-json\/wp\/v2\/media\/203112"}],"wp:attachment":[{"href":"http:\/\/mspontocom.com.br\/site\/wp-json\/wp\/v2\/media?parent=203111"}],"wp:term":[{"taxonomy":"category","embeddable":true,"href":"http:\/\/mspontocom.com.br\/site\/wp-json\/wp\/v2\/categories?post=203111"},{"taxonomy":"post_tag","embeddable":true,"href":"http:\/\/mspontocom.com.br\/site\/wp-json\/wp\/v2\/tags?post=203111"}],"curies":[{"name":"wp","href":"https:\/\/api.w.org\/{rel}","templated":true}]}}