{"id":206124,"date":"2026-01-09T04:49:50","date_gmt":"2026-01-09T08:49:50","guid":{"rendered":"https:\/\/mspontocom.com.br\/site\/?p=206124"},"modified":"2026-01-09T07:55:06","modified_gmt":"2026-01-09T11:55:06","slug":"unilever-abre-processo-seletivo-com-42-vagas-de-emprego","status":"publish","type":"post","link":"http:\/\/mspontocom.com.br\/site\/unilever-abre-processo-seletivo-com-42-vagas-de-emprego\/","title":{"rendered":"Unilever abre processo seletivo com 42 vagas de emprego"},"content":{"rendered":"<p style=\"text-align: justify;\"><img loading=\"lazy\" class=\"alignnone size-full wp-image-206130\" src=\"http:\/\/mspontocom.com.br\/site\/wp-content\/uploads\/2026\/01\/site-unilever-abre-processo-seletivo-com-42-vagas-de-emprego-unilever.jpg\" alt=\"\" width=\"1400\" height=\"788\" srcset=\"http:\/\/mspontocom.com.br\/site\/wp-content\/uploads\/2026\/01\/site-unilever-abre-processo-seletivo-com-42-vagas-de-emprego-unilever.jpg 1400w, http:\/\/mspontocom.com.br\/site\/wp-content\/uploads\/2026\/01\/site-unilever-abre-processo-seletivo-com-42-vagas-de-emprego-unilever-260x146.jpg 260w, http:\/\/mspontocom.com.br\/site\/wp-content\/uploads\/2026\/01\/site-unilever-abre-processo-seletivo-com-42-vagas-de-emprego-unilever-1024x576.jpg 1024w, http:\/\/mspontocom.com.br\/site\/wp-content\/uploads\/2026\/01\/site-unilever-abre-processo-seletivo-com-42-vagas-de-emprego-unilever-768x432.jpg 768w\" sizes=\"(max-width: 1400px) 100vw, 1400px\" \/>A Unilever\u00a0anunciou a abertura de um novo processo seletivo no Brasil com\u00a0<strong>42 vagas de emprego<\/strong>\u00a0voltadas a profissionais que desejam ingressar ou avan\u00e7ar a carreira em uma das maiores companhias de bens de consumo do mundo.<\/p>\n<p style=\"text-align: justify;\" data-end=\"2255\" data-start=\"1936\">\u00a0Entre os cargos dispon\u00edveis est\u00e3o Consultor de Vendas, Coordenador de Administra\u00e7\u00e3o de Vendas, Promotor de Merchandising, Operador de Produ\u00e7\u00e3o, Coordenador Jur\u00eddico, Analista de Log\u00edstica e Supervisor de Produ\u00e7\u00e3o, entre outros.<\/p>\n<p style=\"text-align: justify;\" data-end=\"2600\" data-start=\"2257\">As oportunidades contemplam profissionais com diferentes n\u00edveis de experi\u00eancia, desde candidatos em in\u00edcio de carreira at\u00e9 aqueles com trajet\u00f3ria profissional mais consolidada.<\/p>\n<h2 style=\"text-align: justify;\" data-end=\"3490\" data-start=\"3435\"><strong data-end=\"3490\" data-start=\"3435\">Benef\u00edcios oferecidos\u00a0<\/strong><\/h2>\n<p style=\"text-align: justify;\" data-end=\"3733\" data-start=\"3492\">Os candidatos aprovados no processo seletivo ter\u00e3o acesso a\u00a0plano de sa\u00fade, assist\u00eancia odontol\u00f3gica, vale-refei\u00e7\u00e3o, vale-alimenta\u00e7\u00e3o, vale-transporte, seguro de vida e <strong>participa\u00e7\u00e3o nos lucros.<\/strong><\/p>\n<h2 style=\"text-align: justify;\" data-end=\"4002\" data-start=\"3948\"><strong data-end=\"4002\" data-start=\"3948\">Como se candidatar\u00a0<\/strong><\/h2>\n<p style=\"text-align: justify;\" data-end=\"4237\" data-start=\"4004\">Os interessados em participar do processo seletivo devem acessar o\u00a0<a href=\"https:\/\/careers.unilever.com.br\/search-jobs\" target=\"_blank\" rel=\"noopener\">portal oficial de carreiras da Unilever<\/a>.<\/p>\n<p style=\"text-align: justify;\" data-end=\"4237\" data-start=\"4004\">No site, \u00e9 poss\u00edvel consultar todas as vagas de emprego dispon\u00edveis, cadastrar o curr\u00edculo e acompanhar as etapas da sele\u00e7\u00e3o.<\/p>\n<p data-end=\"4237\" data-start=\"4004\">As\u00a0<strong>oportunidades<\/strong>\u00a0est\u00e3o distribu\u00eddas por estados como S\u00e3o Paulo, Bahia, Para\u00edba, Santa Catarina e Paran\u00e1, al\u00e9m de outras localidades estrat\u00e9gicas para a opera\u00e7\u00e3o da empresa no pa\u00eds.<\/p>\n<p><i><b>Continue em nossa companhia em:<\/b><\/i> <a href=\"http:\/\/www.mspontocom.com.br\/\"><span style=\"color: #0000ff;\"><span style=\"font-family: Comic Sans MS, cursive;\"><span style=\"font-size: small;\"><u>www.mspontocom.com.br<\/u><\/span><\/span><\/span><\/a><\/p>\n","protected":false},"excerpt":{"rendered":"<p>A Unilever\u00a0anunciou a abertura de um novo processo seletivo no Brasil com\u00a042 vagas de emprego\u00a0voltadas a profissionais que desejam ingressar ou avan\u00e7ar a carreira em uma das maiores companhias de bens de consumo do mundo. \u00a0Entre os cargos dispon\u00edveis est\u00e3o Consultor de Vendas, Coordenador de Administra\u00e7\u00e3o de Vendas, Promotor de Merchandising, Operador de Produ\u00e7\u00e3o, Coordenador [&hellip;]<\/p>\n","protected":false},"author":2,"featured_media":206130,"comment_status":"open","ping_status":"open","sticky":false,"template":"","format":"standard","meta":{"_monsterinsights_skip_tracking":false,"_monsterinsights_sitenote_active":false,"_monsterinsights_sitenote_note":"","_monsterinsights_sitenote_category":0},"categories":[8668,28176,1],"tags":[540,2545,9635,347],"aioseo_notices":[],"_links":{"self":[{"href":"http:\/\/mspontocom.com.br\/site\/wp-json\/wp\/v2\/posts\/206124"}],"collection":[{"href":"http:\/\/mspontocom.com.br\/site\/wp-json\/wp\/v2\/posts"}],"about":[{"href":"http:\/\/mspontocom.com.br\/site\/wp-json\/wp\/v2\/types\/post"}],"author":[{"embeddable":true,"href":"http:\/\/mspontocom.com.br\/site\/wp-json\/wp\/v2\/users\/2"}],"replies":[{"embeddable":true,"href":"http:\/\/mspontocom.com.br\/site\/wp-json\/wp\/v2\/comments?post=206124"}],"version-history":[{"count":2,"href":"http:\/\/mspontocom.com.br\/site\/wp-json\/wp\/v2\/posts\/206124\/revisions"}],"predecessor-version":[{"id":206131,"href":"http:\/\/mspontocom.com.br\/site\/wp-json\/wp\/v2\/posts\/206124\/revisions\/206131"}],"wp:featuredmedia":[{"embeddable":true,"href":"http:\/\/mspontocom.com.br\/site\/wp-json\/wp\/v2\/media\/206130"}],"wp:attachment":[{"href":"http:\/\/mspontocom.com.br\/site\/wp-json\/wp\/v2\/media?parent=206124"}],"wp:term":[{"taxonomy":"category","embeddable":true,"href":"http:\/\/mspontocom.com.br\/site\/wp-json\/wp\/v2\/categories?post=206124"},{"taxonomy":"post_tag","embeddable":true,"href":"http:\/\/mspontocom.com.br\/site\/wp-json\/wp\/v2\/tags?post=206124"}],"curies":[{"name":"wp","href":"https:\/\/api.w.org\/{rel}","templated":true}]}}