{"id":206353,"date":"2026-01-19T05:52:24","date_gmt":"2026-01-19T09:52:24","guid":{"rendered":"https:\/\/mspontocom.com.br\/site\/?p=206353"},"modified":"2026-01-19T05:54:32","modified_gmt":"2026-01-19T09:54:32","slug":"ciumes-pt-quer-investigar-elogios-a-tarcisio-nas-redes","status":"publish","type":"post","link":"http:\/\/mspontocom.com.br\/site\/ciumes-pt-quer-investigar-elogios-a-tarcisio-nas-redes\/","title":{"rendered":"CI\u00daMES: PT quer investigar elogios a Tarc\u00edsio nas redes"},"content":{"rendered":"<p class=\"postParagraph_post-paragraph__juWZN postParagraph_post-paragraph-innerHtml__Q5vwc\" style=\"text-align: justify;\"><img loading=\"lazy\" class=\"alignnone size-full wp-image-206355\" src=\"http:\/\/mspontocom.com.br\/site\/wp-content\/uploads\/2026\/01\/site-ciumes-pt-quer-investigar-elogios-a-tarcisio-nas-redes-tarcisio-rindo.png\" alt=\"\" width=\"750\" height=\"450\" srcset=\"http:\/\/mspontocom.com.br\/site\/wp-content\/uploads\/2026\/01\/site-ciumes-pt-quer-investigar-elogios-a-tarcisio-nas-redes-tarcisio-rindo.png 750w, http:\/\/mspontocom.com.br\/site\/wp-content\/uploads\/2026\/01\/site-ciumes-pt-quer-investigar-elogios-a-tarcisio-nas-redes-tarcisio-rindo-260x156.png 260w\" sizes=\"(max-width: 750px) 100vw, 750px\" \/>O Partido dos Trabalhadores (PT) encaminhou \u00e0 PGR uma representa\u00e7\u00e3o solicitando a investiga\u00e7\u00e3o do governador de S\u00e3o Paulo, Tarc\u00edsio de Freitas (Republicanos).<\/p>\n<p class=\"postParagraph_post-paragraph__juWZN postParagraph_post-paragraph-innerHtml__Q5vwc\" style=\"text-align: justify;\">A legenda acusa a gest\u00e3o paulista de financiar uma rede de perfis de entretenimento e fofoca nas redes sociais para promover feitos do governo e alavancar a imagem pessoal do governador, potencial candidato \u00e0 Presid\u00eancia da Rep\u00fablica em 2026.<\/p>\n<p class=\"postParagraph_post-paragraph__juWZN postParagraph_post-paragraph-innerHtml__Q5vwc\" style=\"text-align: justify;\">A a\u00e7\u00e3o movida pelo PT tem por base um levantamento realizado pela revista\u00a0<em>Piau\u00ed<\/em>, que aponta uma mudan\u00e7a no padr\u00e3o editorial de grandes perfis de entretenimento no Instagram.<\/p>\n<p class=\"postParagraph_post-paragraph__juWZN postParagraph_post-paragraph-innerHtml__Q5vwc\" style=\"text-align: justify;\">Entre eles, figuram contas como \u201cAlfinetei\u201d, \u201cFofocas\u201d e \u201cExclusivas da Fama\u201d.<\/p>\n<p class=\"postParagraph_post-paragraph__juWZN postParagraph_post-paragraph-innerHtml__Q5vwc\" style=\"text-align: justify;\">Segundo a den\u00fancia, essas p\u00e1ginas \u2014 que acumulam milh\u00f5es de seguidores e tradicionalmente focam em celebridades e memes \u2014 passaram a publicar, em dezembro de 2025 e janeiro de 2026, conte\u00fados elogiosos \u00e0 administra\u00e7\u00e3o estadual, com linguagem padronizada.<\/p>\n<p class=\"postParagraph_post-paragraph__juWZN postParagraph_post-paragraph-innerHtml__Q5vwc\" style=\"text-align: justify;\">Entre os temas replicados pelas p\u00e1ginas est\u00e3o a isen\u00e7\u00e3o de IPVA para motocicletas, a inaugura\u00e7\u00e3o de trechos do Rodoanel Norte e a\u00e7\u00f5es de cobran\u00e7a contra concession\u00e1rias de energia.<\/p>\n<p class=\"postParagraph_post-paragraph__juWZN postParagraph_post-paragraph-innerHtml__Q5vwc\" style=\"text-align: justify;\">Para o PT e seus aliados, a estrat\u00e9gia se trata de publicidade institucional travestida de conte\u00fado org\u00e2nico, o que violaria a Constitui\u00e7\u00e3o Federal e poderia caracterizar improbidade administrativa e abuso de poder econ\u00f4mico.<\/p>\n<p class=\"postParagraph_post-paragraph__juWZN postParagraph_post-paragraph-innerHtml__Q5vwc\" style=\"text-align: justify;\">O governo paulista negou veementemente as acusa\u00e7\u00f5es e afirmou que segue estritamente os princ\u00edpios da legalidade e da impessoalidade.<\/p>\n<p class=\"postParagraph_post-paragraph__juWZN postParagraph_post-paragraph-innerHtml__Q5vwc\" style=\"text-align: justify;\">\u201cO Governo de S\u00e3o Paulo refor\u00e7a que n\u00e3o houve qualquer investimento p\u00fablico nas publica\u00e7\u00f5es mencionadas pela reportagem\u201d, afirmou a gest\u00e3o em nota ao jornal\u00a0<em>Folha de S.Paulo<\/em>.<\/p>\n<blockquote>\n<p class=\"postParagraph_post-paragraph__juWZN postParagraph_post-paragraph-innerHtml__Q5vwc\"><em>\u201cA gest\u00e3o estadual realiza apenas campanhas institucionais e de utilidade p\u00fablica, sempre com o objetivo de dar transpar\u00eancia \u00e0s a\u00e7\u00f5es do governo e divulgar informa\u00e7\u00f5es de interesse p\u00fablico. Todas as campanhas est\u00e3o em plena conformidade com os princ\u00edpios constitucionais da legalidade, impessoalidade, publicidade e efici\u00eancia.\u201d<\/em><\/p>\n<\/blockquote>\n<p class=\"postParagraph_post-paragraph__juWZN postParagraph_post-paragraph-innerHtml__Q5vwc\" style=\"text-align: justify;\">A defesa de Tarc\u00edsio sustenta ainda que a legisla\u00e7\u00e3o eleitoral e administrativa \u00e9 rigorosamente cumprida e que a popularidade do governador nas redes sociais \u00e9 fruto de uma gest\u00e3o t\u00e9cnica e eficiente, e n\u00e3o de artif\u00edcios de marketing.<\/p>\n<p style=\"text-align: justify;\"><i><b>Continue em nossa companhia em:<\/b><\/i> <a href=\"http:\/\/www.mspontocom.com.br\/\"><span style=\"color: #0000ff;\"><span style=\"font-family: Comic Sans MS, cursive;\"><span style=\"font-size: small;\"><u>www.mspontocom.com.br<\/u><\/span><\/span><\/span><\/a><\/p>\n","protected":false},"excerpt":{"rendered":"<p>O Partido dos Trabalhadores (PT) encaminhou \u00e0 PGR uma representa\u00e7\u00e3o solicitando a investiga\u00e7\u00e3o do governador de S\u00e3o Paulo, Tarc\u00edsio de Freitas (Republicanos). A legenda acusa a gest\u00e3o paulista de financiar uma rede de perfis de entretenimento e fofoca nas redes sociais para promover feitos do governo e alavancar a imagem pessoal do governador, potencial candidato [&hellip;]<\/p>\n","protected":false},"author":2,"featured_media":206355,"comment_status":"open","ping_status":"open","sticky":false,"template":"","format":"standard","meta":{"_monsterinsights_skip_tracking":false,"_monsterinsights_sitenote_active":false,"_monsterinsights_sitenote_note":"","_monsterinsights_sitenote_category":0},"categories":[1,12],"tags":[3736,29276,24923,533,6913,39029],"aioseo_notices":[],"_links":{"self":[{"href":"http:\/\/mspontocom.com.br\/site\/wp-json\/wp\/v2\/posts\/206353"}],"collection":[{"href":"http:\/\/mspontocom.com.br\/site\/wp-json\/wp\/v2\/posts"}],"about":[{"href":"http:\/\/mspontocom.com.br\/site\/wp-json\/wp\/v2\/types\/post"}],"author":[{"embeddable":true,"href":"http:\/\/mspontocom.com.br\/site\/wp-json\/wp\/v2\/users\/2"}],"replies":[{"embeddable":true,"href":"http:\/\/mspontocom.com.br\/site\/wp-json\/wp\/v2\/comments?post=206353"}],"version-history":[{"count":2,"href":"http:\/\/mspontocom.com.br\/site\/wp-json\/wp\/v2\/posts\/206353\/revisions"}],"predecessor-version":[{"id":206356,"href":"http:\/\/mspontocom.com.br\/site\/wp-json\/wp\/v2\/posts\/206353\/revisions\/206356"}],"wp:featuredmedia":[{"embeddable":true,"href":"http:\/\/mspontocom.com.br\/site\/wp-json\/wp\/v2\/media\/206355"}],"wp:attachment":[{"href":"http:\/\/mspontocom.com.br\/site\/wp-json\/wp\/v2\/media?parent=206353"}],"wp:term":[{"taxonomy":"category","embeddable":true,"href":"http:\/\/mspontocom.com.br\/site\/wp-json\/wp\/v2\/categories?post=206353"},{"taxonomy":"post_tag","embeddable":true,"href":"http:\/\/mspontocom.com.br\/site\/wp-json\/wp\/v2\/tags?post=206353"}],"curies":[{"name":"wp","href":"https:\/\/api.w.org\/{rel}","templated":true}]}}