{"id":206396,"date":"2026-01-20T03:38:06","date_gmt":"2026-01-20T07:38:06","guid":{"rendered":"https:\/\/mspontocom.com.br\/site\/?p=206396"},"modified":"2026-01-20T07:45:44","modified_gmt":"2026-01-20T11:45:44","slug":"carnaval-brasileiros-recorrem-ao-google-para-tirar-duvidas-sobre-a-maior-festa-do-pais","status":"publish","type":"post","link":"http:\/\/mspontocom.com.br\/site\/carnaval-brasileiros-recorrem-ao-google-para-tirar-duvidas-sobre-a-maior-festa-do-pais\/","title":{"rendered":"Carnaval: brasileiros recorrem ao Google para tirar d\u00favidas sobre a maior festa do pa\u00eds"},"content":{"rendered":"<p style=\"text-align: justify;\"><img loading=\"lazy\" class=\"alignnone size-large wp-image-206397\" src=\"http:\/\/mspontocom.com.br\/site\/wp-content\/uploads\/2026\/01\/site-carnaval-brasileiros-recorrem-ao-google-para-tirar-duvidas-sobre-a-maior-festa-do-pais-carnaval-rio-claro-1024x845.webp\" alt=\"\" width=\"1024\" height=\"845\" srcset=\"http:\/\/mspontocom.com.br\/site\/wp-content\/uploads\/2026\/01\/site-carnaval-brasileiros-recorrem-ao-google-para-tirar-duvidas-sobre-a-maior-festa-do-pais-carnaval-rio-claro-1024x845.webp 1024w, http:\/\/mspontocom.com.br\/site\/wp-content\/uploads\/2026\/01\/site-carnaval-brasileiros-recorrem-ao-google-para-tirar-duvidas-sobre-a-maior-festa-do-pais-carnaval-rio-claro-260x215.webp 260w, http:\/\/mspontocom.com.br\/site\/wp-content\/uploads\/2026\/01\/site-carnaval-brasileiros-recorrem-ao-google-para-tirar-duvidas-sobre-a-maior-festa-do-pais-carnaval-rio-claro-768x634.webp 768w, http:\/\/mspontocom.com.br\/site\/wp-content\/uploads\/2026\/01\/site-carnaval-brasileiros-recorrem-ao-google-para-tirar-duvidas-sobre-a-maior-festa-do-pais-carnaval-rio-claro.webp 1200w\" sizes=\"(max-width: 1024px) 100vw, 1024px\" \/>Faltam 23 dias para o Carnaval.<\/p>\n<p style=\"text-align: justify;\">Pela tradi\u00e7\u00e3o, a maior festa popular do pa\u00eds come\u00e7a na sexta-feira, dia 13 de fevereiro, e segue at\u00e9 a quarta-feira de Cinzas, que este ano cair\u00e1 no dia 18, marcando oficialmente o per\u00edodo de folia no calend\u00e1rio brasileiro.<\/p>\n<p style=\"text-align: justify;\">Na pr\u00e1tica, por\u00e9m, o Carnaval come\u00e7a bem antes.<\/p>\n<p style=\"text-align: justify;\">Em diversas capitais, blocos, ensaios t\u00e9cnicos e eventos de pr\u00e9-carnaval antecipam a festa e tomam conta das ruas semanas antes da data oficial.<\/p>\n<p style=\"text-align: justify;\">No Rio de Janeiro, por exemplo, os festejos oficiais j\u00e1 come\u00e7aram no dia 17 de janeiro, abrindo um calend\u00e1rio que se estende at\u00e9 depois da ter\u00e7a-feira de Carnaval e refor\u00e7a o clima de expectativa em torno de uma das maiores manifesta\u00e7\u00f5es culturais do mundo.<\/p>\n<p style=\"text-align: justify;\">Com a aproxima\u00e7\u00e3o da festa, cresce tamb\u00e9m o movimento no ambiente digital.<\/p>\n<p style=\"text-align: justify;\">Um levantamento da\u00a0<a href=\"https:\/\/rankcerto.com.br\/\" target=\"_blank\" rel=\"noopener\" data-saferedirecturl=\"https:\/\/www.google.com\/url?q=https:\/\/rankcerto.com.br\/&amp;source=gmail&amp;ust=1768993650571000&amp;usg=AOvVaw0G8F9l8Fw_k6M3u-z-qUbR\">Rank Certo, ag\u00eancia de link building orientado \u00e0 decis\u00e3o comercial<\/a>, identificou um aumento expressivo nas buscas relacionadas ao <strong>Carnaval no Google<\/strong>, a partir da an\u00e1lise do recurso\u00a0<em>People Also Asked (PAA) ( \u201cAs pessoas tamb\u00e9m perguntam\u201d, em tradu\u00e7\u00e3o livre)<\/em>.<\/p>\n<p style=\"text-align: justify;\">Segundo Felipe Cardoso, CEO da companhia, as perguntas mais frequentes revelam um comportamento comum nesse per\u00edodo: pessoas tentando se organizar, planejar viagens, entender se haver\u00e1 folga no trabalho e garantir presen\u00e7a nos eventos mais disputados.<\/p>\n<blockquote><p><em>\u201cO Google acaba funcionando como um grande term\u00f4metro do comportamento humano. Quando milh\u00f5es de pessoas come\u00e7am a fazer as mesmas perguntas, isso mostra n\u00e3o s\u00f3 interesse, mas necessidade real de informa\u00e7\u00e3o\u201d, destaca o especialista.\u00a0<\/em><\/p><\/blockquote>\n<p style=\"text-align: justify;\">As principais d\u00favidas dos brasileiros sobre o Carnaval<\/p>\n<p style=\"text-align: justify;\"><span style=\"font-size: 14pt;\"><strong>Entre as perguntas mais recorrentes identificadas pela Rank Certo est\u00e3o:<\/strong><\/span><\/p>\n<p style=\"text-align: justify;\">Quanto tempo falta para o Carnaval de 2026?<\/p>\n<p style=\"text-align: justify;\">De acordo com a tradi\u00e7\u00e3o, as festas come\u00e7am j\u00e1 na sexta-feira, 13 de fevereiro, o que faz com que, neste momento, faltem 26 dias para os cortejos. No entanto, oficialmente a data \u00e9 comemorada apenas na chamada \u201cTer\u00e7a-feira Gorda\u201d, quando \u00e9 mesmo o dia de Carnaval.<\/p>\n<p style=\"text-align: justify;\">Carnaval \u00e9 feriado?<\/p>\n<p style=\"text-align: justify;\">N\u00e3o. O Carnaval n\u00e3o consta no calend\u00e1rio oficial de feriados do pa\u00eds. A folga depende de decis\u00f5es de estados, munic\u00edpios ou acordos trabalhistas.<\/p>\n<p style=\"text-align: justify;\">Onde passar o Carnaval de 2026?<\/p>\n<p style=\"text-align: justify;\">As buscas apontam forte interesse por destinos tradicionais como Rio de Janeiro, Salvador e Recife, que concentram grandes festas de rua e manifesta\u00e7\u00f5es culturais.<\/p>\n<p style=\"text-align: justify;\"><strong>Quando come\u00e7a a venda dos ingressos do Carnaval de 2026?<\/strong><\/p>\n<p style=\"text-align: justify;\">No Rio de Janeiro, a venda de ingressos come\u00e7ou ainda em 2025. A Liga RJ iniciou a comercializa\u00e7\u00e3o da S\u00e9rie Ouro em junho.<\/p>\n<p style=\"text-align: justify;\">Segundo o jornal O Globo, a maior parte dos ingressos para os desfiles do grupo especial j\u00e1 est\u00e1 esgotada. Por\u00e9m, a venda para os setores 12 e 13, mais populares, deve ser anunciada em breve, dando uma esperan\u00e7a \u00e0queles que querem assistir de perto o maior espet\u00e1culo da terra. Outra alternativa s\u00e3o os camarotes, que seguem com vendas online e oferecem atra\u00e7\u00f5es musicais e servi\u00e7os adicionais.<\/p>\n<p style=\"text-align: justify;\">J\u00e1 na S\u00e9rie Ouro, ainda \u00e9 poss\u00edvel encontrar ingressos para arquibancadas. De acordo com a Liga RJ, cerca de 10% das entradas seguem dispon\u00edveis.<\/p>\n<p style=\"text-align: justify;\">Em S\u00e3o Paulo, no Samb\u00f3dromo do Anhembi, as vendas gerais come\u00e7aram no final de 2025. A Liga-SP informou que os ingressos de arquibancada para o s\u00e1bado (14 de fevereiro) est\u00e3o esgotados, restando poucas op\u00e7\u00f5es de mesas, cadeiras e camarotes.<\/p>\n<p style=\"text-align: justify;\">Para a sexta-feira (13), alguns setores ainda t\u00eam disponibilidade, mas caminham para o esgotamento. As vendas ocorrem pela plataforma Clube do Ingresso, al\u00e9m de pontos f\u00edsicos e bilheterias durante os ensaios t\u00e9cnicos.<\/p>\n<p style=\"text-align: justify;\">Uma festa que movimenta milh\u00f5es de pessoas e bilh\u00f5es de reais<\/p>\n<p style=\"text-align: justify;\">O interesse antecipado se justifica pela dimens\u00e3o do Carnaval. S\u00f3 no Rio de Janeiro, a expectativa \u00e9 atrair cerca de 8 milh\u00f5es de pessoas, com impacto de R$5,7 bilh\u00f5es na economia local, segundo a Riotur.<\/p>\n<p style=\"text-align: justify;\">Na cidade, 462 blocos est\u00e3o espalhados por todas as regi\u00f5es, com programa\u00e7\u00e3o que inclui pr\u00e9-carnaval, dias oficiais e p\u00f3s-carnaval.<\/p>\n<p style=\"text-align: justify;\">Em Recife, a proje\u00e7\u00e3o para 2026 \u00e9 de 3,6 milh\u00f5es de foli\u00f5es, movimenta\u00e7\u00e3o de R$2,7 bilh\u00f5es e gera\u00e7\u00e3o de cerca de 60 mil empregos tempor\u00e1rios. J\u00e1 Salvador espera receber entre 850 mil e 1,2 milh\u00e3o de turistas apenas na capital, com impacto estimado em R$1,8 bilh\u00e3o.<\/p>\n<p style=\"text-align: justify;\">Para a Rank Certo, o crescimento das buscas refor\u00e7a como o Google se consolidou como a principal fonte de consulta dos brasileiros em momentos de grande mobiliza\u00e7\u00e3o social.<\/p>\n<p style=\"text-align: justify;\">\u201cQuando essas d\u00favidas ganham escala, deixam de ser apenas individuais e passam a refletir um comportamento coletivo. Transformar esses dados em pauta \u00e9 uma forma de traduzir o digital em informa\u00e7\u00e3o de interesse p\u00fablico\u201d, conclui o CEO da Rank Certo.<\/p>\n<p style=\"text-align: justify;\">Os dados acima confirmam uma m\u00e1xima j\u00e1 antiga: o Carnaval come\u00e7a muito antes do primeiro bloco sair.<\/p>\n<p style=\"text-align: justify;\"><i><b>Continue em nossa companhia em:<\/b><\/i> <a href=\"http:\/\/www.mspontocom.com.br\/\"><span style=\"color: #0000ff;\"><span style=\"font-family: Comic Sans MS, cursive;\"><span style=\"font-size: small;\"><u>www.mspontocom.com.br<\/u><\/span><\/span><\/span><\/a><\/p>\n<p style=\"text-align: justify;\">fonte: FELIPE GIANNINI CARDOSO<\/p>\n","protected":false},"excerpt":{"rendered":"<p>Faltam 23 dias para o Carnaval. Pela tradi\u00e7\u00e3o, a maior festa popular do pa\u00eds come\u00e7a na sexta-feira, dia 13 de fevereiro, e segue at\u00e9 a quarta-feira de Cinzas, que este ano cair\u00e1 no dia 18, marcando oficialmente o per\u00edodo de folia no calend\u00e1rio brasileiro. Na pr\u00e1tica, por\u00e9m, o Carnaval come\u00e7a bem antes. Em diversas capitais, [&hellip;]<\/p>\n","protected":false},"author":2,"featured_media":206397,"comment_status":"open","ping_status":"open","sticky":false,"template":"","format":"standard","meta":{"_monsterinsights_skip_tracking":false,"_monsterinsights_sitenote_active":false,"_monsterinsights_sitenote_note":"","_monsterinsights_sitenote_category":0},"categories":[3205],"tags":[359,335,1891],"aioseo_notices":[],"_links":{"self":[{"href":"http:\/\/mspontocom.com.br\/site\/wp-json\/wp\/v2\/posts\/206396"}],"collection":[{"href":"http:\/\/mspontocom.com.br\/site\/wp-json\/wp\/v2\/posts"}],"about":[{"href":"http:\/\/mspontocom.com.br\/site\/wp-json\/wp\/v2\/types\/post"}],"author":[{"embeddable":true,"href":"http:\/\/mspontocom.com.br\/site\/wp-json\/wp\/v2\/users\/2"}],"replies":[{"embeddable":true,"href":"http:\/\/mspontocom.com.br\/site\/wp-json\/wp\/v2\/comments?post=206396"}],"version-history":[{"count":1,"href":"http:\/\/mspontocom.com.br\/site\/wp-json\/wp\/v2\/posts\/206396\/revisions"}],"predecessor-version":[{"id":206398,"href":"http:\/\/mspontocom.com.br\/site\/wp-json\/wp\/v2\/posts\/206396\/revisions\/206398"}],"wp:featuredmedia":[{"embeddable":true,"href":"http:\/\/mspontocom.com.br\/site\/wp-json\/wp\/v2\/media\/206397"}],"wp:attachment":[{"href":"http:\/\/mspontocom.com.br\/site\/wp-json\/wp\/v2\/media?parent=206396"}],"wp:term":[{"taxonomy":"category","embeddable":true,"href":"http:\/\/mspontocom.com.br\/site\/wp-json\/wp\/v2\/categories?post=206396"},{"taxonomy":"post_tag","embeddable":true,"href":"http:\/\/mspontocom.com.br\/site\/wp-json\/wp\/v2\/tags?post=206396"}],"curies":[{"name":"wp","href":"https:\/\/api.w.org\/{rel}","templated":true}]}}