{"id":206940,"date":"2026-02-09T04:20:16","date_gmt":"2026-02-09T08:20:16","guid":{"rendered":"https:\/\/mspontocom.com.br\/site\/?p=206940"},"modified":"2026-02-09T08:31:47","modified_gmt":"2026-02-09T12:31:47","slug":"ifms-abre-selecao-para-cursos-de-qualificacao-profissional-a-distancia","status":"publish","type":"post","link":"http:\/\/mspontocom.com.br\/site\/ifms-abre-selecao-para-cursos-de-qualificacao-profissional-a-distancia\/","title":{"rendered":"IFMS abre sele\u00e7\u00e3o para cursos de qualifica\u00e7\u00e3o profissional \u00e0 dist\u00e2ncia"},"content":{"rendered":"<p style=\"text-align: justify;\"><img loading=\"lazy\" class=\"alignnone size-full wp-image-206941\" src=\"http:\/\/mspontocom.com.br\/site\/wp-content\/uploads\/2026\/02\/site-ifms-ifms.jpg\" alt=\"\" width=\"940\" height=\"500\" srcset=\"http:\/\/mspontocom.com.br\/site\/wp-content\/uploads\/2026\/02\/site-ifms-ifms.jpg 940w, http:\/\/mspontocom.com.br\/site\/wp-content\/uploads\/2026\/02\/site-ifms-ifms-260x138.jpg 260w, http:\/\/mspontocom.com.br\/site\/wp-content\/uploads\/2026\/02\/site-ifms-ifms-768x409.jpg 768w\" sizes=\"(max-width: 940px) 100vw, 940px\" \/>O Instituto Federal de Mato Grosso do Sul (IFMS) est\u00e1 com processo seletivo aberto para ingresso em cursos de qualifica\u00e7\u00e3o profissional oferecidos a dist\u00e2ncia, com in\u00edcio das aulas neste primeiro semestre letivo.<\/p>\n<p style=\"text-align: justify;\">Os cursos de\u00a0<strong>Assistente Administrativo, Operador de Computador e Vendedor<\/strong>\u00a0s\u00e3o de Forma\u00e7\u00e3o Inicial e Continuada (FIC) e t\u00eam dura\u00e7\u00e3o de tr\u00eas meses.<\/p>\n<p style=\"text-align: justify;\">H\u00e1 vagas em 15 munic\u00edpios: Amambai, Ant\u00f4nio Jo\u00e3o, Aparecida do Taboado, Aral Moreira, Cassil\u00e2ndia, Chapad\u00e3o do Sul, Costa Rica, Dourados, Inoc\u00eancia, Maracaju, Nova Andradina, Para\u00edso das \u00c1guas, Parana\u00edba, Ponta Por\u00e3 e Tr\u00eas Lagoas.<\/p>\n<p style=\"text-align: justify;\">\u00a0Todas as informa\u00e7\u00f5es sobre o processo seletivo est\u00e3o disponibilizadas no <strong><a title=\"Edital n\u00ba 06\/2026\" href=\"https:\/\/email.ifms.edu.br\/lists\/lt.php?tid=KxlWAVdbBQkGU0tSD1lWTlBXBQFOWA0LUhsIU1cEWlJbAFcLXQgfUVdTUFVTUVROV1xQAU4NAQkOGwAHCwdPBQZdUARWClpTW1kEHwBWVQdcUQtQTlsBCFIbDFIAVk9TAgBTH1IAAgUBVlFXAlgBVQ\" target=\"_blank\" rel=\"noopener\" data-saferedirecturl=\"https:\/\/www.google.com\/url?q=https:\/\/email.ifms.edu.br\/lists\/lt.php?tid%3DKxlWAVdbBQkGU0tSD1lWTlBXBQFOWA0LUhsIU1cEWlJbAFcLXQgfUVdTUFVTUVROV1xQAU4NAQkOGwAHCwdPBQZdUARWClpTW1kEHwBWVQdcUQtQTlsBCFIbDFIAVk9TAgBTH1IAAgUBVlFXAlgBVQ&amp;source=gmail&amp;ust=1770725656083000&amp;usg=AOvVaw31I-teh68o_80ozHsGLPaK\">Edital n\u00ba 06\/2026<\/a><\/strong>.<\/p>\n<p style=\"text-align: justify;\"><strong>Inscri\u00e7\u00f5es<\/strong>\u00a0&#8211; S\u00e3o gratuitas e poder\u00e3o ser feitas\u00a0<strong>a partir desta quinta-feira, 5<\/strong>, na\u00a0<a title=\"P\u00e1gina do Candidato\" href=\"https:\/\/email.ifms.edu.br\/lists\/lt.php?tid=KxkNBFQNVVQAAksAA1NcTlBcUQFOAA8OBBsMUlMDUFAAXAcEVg4fUVdTUFVTUVROV1xQAU4NAQkOGwAHCwdPBQZdUARWClpTW1kEHwBWVQdcUQtQTlsBCFIbDFIAVk9TAgBTH1IAAgUBVlFXAlgBVQ\" target=\"_blank\" rel=\"noopener\" data-saferedirecturl=\"https:\/\/www.google.com\/url?q=https:\/\/email.ifms.edu.br\/lists\/lt.php?tid%3DKxkNBFQNVVQAAksAA1NcTlBcUQFOAA8OBBsMUlMDUFAAXAcEVg4fUVdTUFVTUVROV1xQAU4NAQkOGwAHCwdPBQZdUARWClpTW1kEHwBWVQdcUQtQTlsBCFIbDFIAVk9TAgBTH1IAAgUBVlFXAlgBVQ&amp;source=gmail&amp;ust=1770725656083000&amp;usg=AOvVaw15UkCAjasTNpTDzuuZd5eW\">P\u00e1gina do Candidato<\/a>\u00a0da Central de Sele\u00e7\u00e3o do IFMS. O prazo seguir\u00e1\u00a0aberto\u00a0<strong>at\u00e9 4 de mar\u00e7o<\/strong>.<\/p>\n<p style=\"text-align: justify;\">Para se inscrever, o interessado deve usar o pr\u00f3prio Cadastro de Pessoa F\u00edsica (CPF) e seguir as seguintes etapas:<\/p>\n<p style=\"text-align: justify;\"><strong>1. Cadastro<\/strong><\/p>\n<ul style=\"text-align: justify;\">\n<li>acessar a\u00a0<a title=\"P\u00e1gina do Candidato\" href=\"https:\/\/email.ifms.edu.br\/lists\/lt.php?tid=KxkNBFQNVVQAAksAA1NcTlBcUQFOAA8OBBsMUlMDUFAAXAcEVg4fUVdTUFVTUVROV1xQAU4NAQkOGwAHCwdPBQZdUARWClpTW1kEHwBWVQdcUQtQTlsBCFIbDFIAVk9TAgBTH1IAAgUBVlFXAlgBVQ\" target=\"_blank\" rel=\"noopener\" data-saferedirecturl=\"https:\/\/www.google.com\/url?q=https:\/\/email.ifms.edu.br\/lists\/lt.php?tid%3DKxkNBFQNVVQAAksAA1NcTlBcUQFOAA8OBBsMUlMDUFAAXAcEVg4fUVdTUFVTUVROV1xQAU4NAQkOGwAHCwdPBQZdUARWClpTW1kEHwBWVQdcUQtQTlsBCFIbDFIAVk9TAgBTH1IAAgUBVlFXAlgBVQ&amp;source=gmail&amp;ust=1770725656083000&amp;usg=AOvVaw15UkCAjasTNpTDzuuZd5eW\">P\u00e1gina do Candidato<\/a>\u00a0da Central de Sele\u00e7\u00e3o;<\/li>\n<li>preencher os campos com os dados pessoais;<\/li>\n<li>conferir se o nome e a data de nascimento est\u00e3o corretos;<\/li>\n<li>clicar em &#8216;Enviar Cadastro&#8217;;<\/li>\n<li>quem j\u00e1 tem cadastro deve clicar em &#8216;Atualizar Meus Dados&#8217;, ver se as informa\u00e7\u00f5es est\u00e3o corretas e clicar em &#8216;Enviar Cadastro&#8217;.<\/li>\n<\/ul>\n<p style=\"text-align: justify;\"><strong>2. Inscri\u00e7\u00e3o<\/strong><\/p>\n<ul style=\"text-align: justify;\">\n<li>clicar na aba &#8216;Inscri\u00e7\u00f5es Abertas&#8217;;<\/li>\n<li>procurar o edital da sele\u00e7\u00e3o na qual quer se inscrever (<a title=\"\" href=\"https:\/\/email.ifms.edu.br\/lists\/lt.php?tid=KxkDUFAKBQFbAktaUlNWTlBWBFVOWAwNAhsNAAIBBgUCVFNQA14fUVdTUFVTUVROV1xQAU4NAQkOGwAHCwdPBQZdUARWClpTW1kEHwBWVQdcUQtQTlsBCFIbDFIAVk9TAgBTH1IAAgUBVlFXAlgBVQ\" target=\"_blank\" rel=\"noopener\" data-saferedirecturl=\"https:\/\/www.google.com\/url?q=https:\/\/email.ifms.edu.br\/lists\/lt.php?tid%3DKxkDUFAKBQFbAktaUlNWTlBWBFVOWAwNAhsNAAIBBgUCVFNQA14fUVdTUFVTUVROV1xQAU4NAQkOGwAHCwdPBQZdUARWClpTW1kEHwBWVQdcUQtQTlsBCFIbDFIAVk9TAgBTH1IAAgUBVlFXAlgBVQ&amp;source=gmail&amp;ust=1770725656083000&amp;usg=AOvVaw2A49U6yg57BQ2qDb-YxfD1\">Edital n\u00ba 06\/2026<\/a>) e clicar em &#8216;Efetuar Inscri\u00e7\u00e3o&#8217;;<\/li>\n<li>escolher o local e o curso que pretende fazer;<\/li>\n<li>confirmar as escolhas e clicar em &#8216;Enviar a Inscri\u00e7\u00e3o&#8217;;<\/li>\n<li>ao final, a confirma\u00e7\u00e3o da inscri\u00e7\u00e3o ser\u00e1 enviada para o e-mail cadastrado na Central de Sele\u00e7\u00e3o.<\/li>\n<\/ul>\n<p style=\"text-align: justify;\">Quem n\u00e3o tem acesso \u00e0 internet pode ir \u00e0 Central de Relacionamento (Cerel) dos campi do IFMS, ou aos polos de educa\u00e7\u00e3o a dist\u00e2ncia nos munic\u00edpios, para fazer a inscri\u00e7\u00e3o em um computador da institui\u00e7\u00e3o. Os endere\u00e7os e hor\u00e1rios de atendimento das unidades podem ser\u00a0<a title=\"consultados no Anexo III do edital de abertura da sele\u00e7\u00e3o\" href=\"https:\/\/email.ifms.edu.br\/lists\/lt.php?tid=KxkHCgdaUFIGWEtTUgVcTlADAAZOAVtcUxsIAwoGUwhVV1FTBA0fUVdTUFVTUVROV1xQAU4NAQkOGwAHCwdPBQZdUARWClpTW1kEHwBWVQdcUQtQTlsBCFIbDFIAVk9TAgBTH1IAAgUBVlFXAlgBVQ\" target=\"_blank\" rel=\"noopener\" data-saferedirecturl=\"https:\/\/www.google.com\/url?q=https:\/\/email.ifms.edu.br\/lists\/lt.php?tid%3DKxkHCgdaUFIGWEtTUgVcTlADAAZOAVtcUxsIAwoGUwhVV1FTBA0fUVdTUFVTUVROV1xQAU4NAQkOGwAHCwdPBQZdUARWClpTW1kEHwBWVQdcUQtQTlsBCFIbDFIAVk9TAgBTH1IAAgUBVlFXAlgBVQ&amp;source=gmail&amp;ust=1770725656083000&amp;usg=AOvVaw2ObJPYVykNlVDCS9OxNqHJ\">consultados no Anexo III do edital de abertura da sele\u00e7\u00e3o<\/a>.<\/p>\n<p style=\"text-align: justify;\"><strong>Sele\u00e7\u00e3o<\/strong>\u00a0&#8211; Para os cursos com o n\u00famero de vagas limitado, os inscritos ser\u00e3o selecionados por sorteio eletr\u00f4nico, previsto para 9 de mar\u00e7o.<\/p>\n<p style=\"text-align: justify;\">Haver\u00e1 sorteio para as vagas ofertadas em\u00a0Aparecida do Taboado,\u00a0Cassil\u00e2ndia,\u00a0Chapad\u00e3o do Sul,\u00a0Costa Rica,\u00a0Para\u00edso das \u00c1guas e\u00a0Tr\u00eas Lagoas. Nos demais munic\u00edpios, as vagas s\u00e3o ilimitadas e, por isso, n\u00e3o ser\u00e1 necess\u00e1rio fazer sorteio.<\/p>\n<p style=\"text-align: justify;\">De acordo com o\u00a0<a title=\"cronograma do processo seletivo\" href=\"https:\/\/email.ifms.edu.br\/lists\/lt.php?tid=KxlRCwcKUwICV0tXUVMETlBVVFpOWwkPVBsIAAYAVlBRBw0BU14fUVdTUFVTUVROV1xQAU4NAQkOGwAHCwdPBQZdUARWClpTW1kEHwBWVQdcUQtQTlsBCFIbDFIAVk9TAgBTH1IAAgUBVlFXAlgBVQ\" target=\"_blank\" rel=\"noopener\" data-saferedirecturl=\"https:\/\/www.google.com\/url?q=https:\/\/email.ifms.edu.br\/lists\/lt.php?tid%3DKxlRCwcKUwICV0tXUVMETlBVVFpOWwkPVBsIAAYAVlBRBw0BU14fUVdTUFVTUVROV1xQAU4NAQkOGwAHCwdPBQZdUARWClpTW1kEHwBWVQdcUQtQTlsBCFIbDFIAVk9TAgBTH1IAAgUBVlFXAlgBVQ&amp;source=gmail&amp;ust=1770725656083000&amp;usg=AOvVaw0DedAst5xxADSUe1N2GTIP\">cronograma do processo seletivo<\/a>, a divulga\u00e7\u00e3o da primeira chamada est\u00e1 prevista para 17 de mar\u00e7o, com matr\u00edculas entre os dias 18 e 27. As aulas ter\u00e3o in\u00edcio no dia 13 de abril.<\/p>\n<p style=\"text-align: justify;\"><strong>FIC<\/strong>\u00a0&#8211; Os cursos de Forma\u00e7\u00e3o Inicial e Continuada do IFMS conduzem os estudantes \u00e0 capacita\u00e7\u00e3o, ao aperfei\u00e7oamento, \u00e0 especializa\u00e7\u00e3o e \u00e0 atualiza\u00e7\u00e3o profissional.<\/p>\n<p style=\"text-align: justify;\">Os concluintes receber\u00e3o certificado de forma\u00e7\u00e3o na \u00e1rea, com validade nacional, e estar\u00e3o habilitados ao exerc\u00edcio profissional.<\/p>\n<p style=\"text-align: justify;\">Em caso de d\u00favida, o contato com o\u00a0Centro de Refer\u00eancia em Tecnologias Educacionais e Educa\u00e7\u00e3o a Dist\u00e2ncia (Cread)\u00a0deve ser feito pelo e-mail\u00a0<a title=\"cursos.ead@ifms.edu.br\" href=\"mailto:cursos.ead@ifms.edu.br?subject=E-mail\" target=\"_blank\" rel=\"noopener\">cursos.ead@ifms.edu.br<\/a>.<\/p>\n<p style=\"text-align: justify;\"><strong>Quadro de Cursos, Vagas e Munic\u00edpios<\/strong><\/p>\n<table border=\"1\">\n<tbody>\n<tr>\n<td><strong>Munic\u00edpio<\/strong><\/td>\n<td><strong>Curso<\/strong><\/td>\n<td><strong>Vagas<\/strong><\/td>\n<\/tr>\n<tr>\n<td rowspan=\"3\">Amambai<\/td>\n<td>Assistente Administrativo<\/td>\n<td>Ilimitadas<\/td>\n<\/tr>\n<tr>\n<td>Operador de Computador<\/td>\n<td>Ilimitadas<\/td>\n<\/tr>\n<tr>\n<td>Vendedor<\/td>\n<td>Ilimitadas<\/td>\n<\/tr>\n<tr>\n<td rowspan=\"3\">Ant\u00f4nio Jo\u00e3o<\/td>\n<td>Assistente Administrativo<\/td>\n<td>Ilimitadas<\/td>\n<\/tr>\n<tr>\n<td>Operador de Computador<\/td>\n<td>Ilimitadas<\/td>\n<\/tr>\n<tr>\n<td>Vendedor<\/td>\n<td>Ilimitadas<\/td>\n<\/tr>\n<tr>\n<td rowspan=\"3\">Aparecida do Taboado<\/td>\n<td>Assistente Administrativo<\/td>\n<td>40<\/td>\n<\/tr>\n<tr>\n<td>Operador de Computador<\/td>\n<td>40<\/td>\n<\/tr>\n<tr>\n<td>Vendedor<\/td>\n<td>40<\/td>\n<\/tr>\n<tr>\n<td rowspan=\"3\">Aral Moreira<\/td>\n<td>Assistente Administrativo<\/td>\n<td>Ilimitadas<\/td>\n<\/tr>\n<tr>\n<td>Operador de Computador<\/td>\n<td>Ilimitadas<\/td>\n<\/tr>\n<tr>\n<td>Vendedor<\/td>\n<td>Ilimitadas<\/td>\n<\/tr>\n<tr>\n<td>Cassil\u00e2ndia<\/td>\n<td>Operador de Computador<\/td>\n<td>25<\/td>\n<\/tr>\n<tr>\n<td rowspan=\"2\">Chapad\u00e3o do Sul<\/td>\n<td>Assistente Administrativo<\/td>\n<td>40<\/td>\n<\/tr>\n<tr>\n<td>Operador de Computador<\/td>\n<td>40<\/td>\n<\/tr>\n<tr>\n<td>Costa Rica<\/td>\n<td>Operador de Computador<\/td>\n<td>40<\/td>\n<\/tr>\n<tr>\n<td rowspan=\"3\">Dourados<\/td>\n<td>Assistente Administrativo<\/td>\n<td>Ilimitadas<\/td>\n<\/tr>\n<tr>\n<td>Operador de Computador<\/td>\n<td>Ilimitadas<\/td>\n<\/tr>\n<tr>\n<td>Vendedor<\/td>\n<td>Ilimitadas<\/td>\n<\/tr>\n<tr>\n<td rowspan=\"2\">Inoc\u00eancia<\/td>\n<td>Assistente Administrativo<\/td>\n<td>Ilimitadas<\/td>\n<\/tr>\n<tr>\n<td>Operador de Computador<\/td>\n<td>Ilimitadas<\/td>\n<\/tr>\n<tr>\n<td rowspan=\"3\">Maracaju<\/td>\n<td>Assistente Administrativo<\/td>\n<td>Ilimitadas<\/td>\n<\/tr>\n<tr>\n<td>Operador de Computador<\/td>\n<td>Ilimitadas<\/td>\n<\/tr>\n<tr>\n<td>Vendedor<\/td>\n<td>Ilimitadas<\/td>\n<\/tr>\n<tr>\n<td rowspan=\"3\">Nova Andradina<\/td>\n<td>Assistente Administrativo<\/td>\n<td>Ilimitadas<\/td>\n<\/tr>\n<tr>\n<td>Operador de Computador<\/td>\n<td>Ilimitadas<\/td>\n<\/tr>\n<tr>\n<td>Vendedor<\/td>\n<td>Ilimitadas<\/td>\n<\/tr>\n<tr>\n<td>Para\u00edso das \u00c1guas<\/td>\n<td>Operador de Computador<\/td>\n<td>40<\/td>\n<\/tr>\n<tr>\n<td rowspan=\"2\">Parana\u00edba<\/td>\n<td>Assistente Administrativo<\/td>\n<td>Ilimitadas<\/td>\n<\/tr>\n<tr>\n<td>Operador de Computador<\/td>\n<td>Ilimitadas<\/td>\n<\/tr>\n<tr>\n<td rowspan=\"3\">Ponta Por\u00e3<\/td>\n<td>Assistente Administrativo<\/td>\n<td>Ilimitadas<\/td>\n<\/tr>\n<tr>\n<td>Operador de Computador<\/td>\n<td>Ilimitadas<\/td>\n<\/tr>\n<tr>\n<td>Vendedor<\/td>\n<td>Ilimitadas<\/td>\n<\/tr>\n<tr>\n<td rowspan=\"3\">Tr\u00eas Lagoas<\/td>\n<td>Assistente Administrativo<\/td>\n<td>40<\/td>\n<\/tr>\n<tr>\n<td>Operador de Computador<\/td>\n<td>40<\/td>\n<\/tr>\n<tr>\n<td>Vendedor<\/td>\n<td>40<\/td>\n<\/tr>\n<\/tbody>\n<\/table>\n","protected":false},"excerpt":{"rendered":"<p>O Instituto Federal de Mato Grosso do Sul (IFMS) est\u00e1 com processo seletivo aberto para ingresso em cursos de qualifica\u00e7\u00e3o profissional oferecidos a dist\u00e2ncia, com in\u00edcio das aulas neste primeiro semestre letivo. Os cursos de\u00a0Assistente Administrativo, Operador de Computador e Vendedor\u00a0s\u00e3o de Forma\u00e7\u00e3o Inicial e Continuada (FIC) e t\u00eam dura\u00e7\u00e3o de tr\u00eas meses. H\u00e1 vagas [&hellip;]<\/p>\n","protected":false},"author":2,"featured_media":206941,"comment_status":"open","ping_status":"open","sticky":false,"template":"","format":"standard","meta":{"_monsterinsights_skip_tracking":false,"_monsterinsights_sitenote_active":false,"_monsterinsights_sitenote_note":"","_monsterinsights_sitenote_category":0},"categories":[1],"tags":[23216,2394,972,44208,837,7675,3074],"aioseo_notices":[],"_links":{"self":[{"href":"http:\/\/mspontocom.com.br\/site\/wp-json\/wp\/v2\/posts\/206940"}],"collection":[{"href":"http:\/\/mspontocom.com.br\/site\/wp-json\/wp\/v2\/posts"}],"about":[{"href":"http:\/\/mspontocom.com.br\/site\/wp-json\/wp\/v2\/types\/post"}],"author":[{"embeddable":true,"href":"http:\/\/mspontocom.com.br\/site\/wp-json\/wp\/v2\/users\/2"}],"replies":[{"embeddable":true,"href":"http:\/\/mspontocom.com.br\/site\/wp-json\/wp\/v2\/comments?post=206940"}],"version-history":[{"count":1,"href":"http:\/\/mspontocom.com.br\/site\/wp-json\/wp\/v2\/posts\/206940\/revisions"}],"predecessor-version":[{"id":206942,"href":"http:\/\/mspontocom.com.br\/site\/wp-json\/wp\/v2\/posts\/206940\/revisions\/206942"}],"wp:featuredmedia":[{"embeddable":true,"href":"http:\/\/mspontocom.com.br\/site\/wp-json\/wp\/v2\/media\/206941"}],"wp:attachment":[{"href":"http:\/\/mspontocom.com.br\/site\/wp-json\/wp\/v2\/media?parent=206940"}],"wp:term":[{"taxonomy":"category","embeddable":true,"href":"http:\/\/mspontocom.com.br\/site\/wp-json\/wp\/v2\/categories?post=206940"},{"taxonomy":"post_tag","embeddable":true,"href":"http:\/\/mspontocom.com.br\/site\/wp-json\/wp\/v2\/tags?post=206940"}],"curies":[{"name":"wp","href":"https:\/\/api.w.org\/{rel}","templated":true}]}}