{"id":207509,"date":"2026-03-05T05:58:46","date_gmt":"2026-03-05T09:58:46","guid":{"rendered":"https:\/\/mspontocom.com.br\/site\/?p=207509"},"modified":"2026-03-05T05:58:46","modified_gmt":"2026-03-05T09:58:46","slug":"foi-otimo-disse-vorcaro-sobre-reuniao-secreta-com-lula","status":"publish","type":"post","link":"http:\/\/mspontocom.com.br\/site\/foi-otimo-disse-vorcaro-sobre-reuniao-secreta-com-lula\/","title":{"rendered":"&#8216;Foi \u00f3timo&#8217;, disse Vorcaro sobre reuni\u00e3o secreta com Lula"},"content":{"rendered":"<p class=\"bullet mt-0\" style=\"box-sizing: border-box; font-size: 20px; line-height: 32px; margin-top: 0px; margin-bottom: var(--block-spacing); color: #202020; font-family: UOLtext, Arial, sans-serif; text-align: justify;\" data-v-232111b4=\"\"><span style=\"font-family: georgia, palatino, serif; font-size: 12pt;\"><img loading=\"lazy\" class=\"alignnone size-full wp-image-207517\" src=\"http:\/\/mspontocom.com.br\/site\/wp-content\/uploads\/2026\/03\/site-foi-otimo-disse-vorcaro-sobre-reuniao-secreta-com-lula-daniel.webp\" alt=\"\" width=\"848\" height=\"477\" srcset=\"http:\/\/mspontocom.com.br\/site\/wp-content\/uploads\/2026\/03\/site-foi-otimo-disse-vorcaro-sobre-reuniao-secreta-com-lula-daniel.webp 848w, http:\/\/mspontocom.com.br\/site\/wp-content\/uploads\/2026\/03\/site-foi-otimo-disse-vorcaro-sobre-reuniao-secreta-com-lula-daniel-260x146.webp 260w, http:\/\/mspontocom.com.br\/site\/wp-content\/uploads\/2026\/03\/site-foi-otimo-disse-vorcaro-sobre-reuniao-secreta-com-lula-daniel-768x432.webp 768w\" sizes=\"(max-width: 848px) 100vw, 848px\" \/>Mensagens obtidas pelo\u00a0<span style=\"box-sizing: border-box; font-weight: bold;\">UOL\u00a0<\/span>mostram que Daniel Vorcaro, dono do Banco Master, comemorou com a namorada<a style=\"box-sizing: border-box; background-color: rgba(0, 0, 0, 0); padding-bottom: 1px; text-decoration-line: none; border-bottom: 2px solid var(--solar-color-links-enabled);\" href=\"https:\/\/noticias.uol.com.br\/ultimas-noticias\/agencia-estado\/2026\/03\/04\/em-conversa-com-namorada-vorcaro-disse-que-iria-se-encontrar-com-alexandre-de-moraes.htm\">\u00a0<\/a>Martha Graeff o resultado da <span style=\"font-size: 14pt;\"><strong>reuni\u00e3o secreta<\/strong><\/span> que manteve com o presidente <strong>Lula<\/strong> no Pal\u00e1cio do Planalto em 4 de dezembro de 2024.<\/span><\/p>\n<p style=\"text-align: justify;\" data-v-232111b4=\"\">\n<blockquote>\n<p class=\"bullet\" style=\"box-sizing: border-box; font-size: 20px; line-height: 32px; margin-top: var(--block-spacing); margin-bottom: var(--block-spacing); color: #202020; font-family: UOLtext, Arial, sans-serif;\" data-v-232111b4=\"\"><span style=\"font-size: 14pt;\"><em><span style=\"font-family: georgia, palatino, serif;\">&#8220;Foi \u00f3timo&#8221;, escreveu Vorcaro. &#8220;Muito forte. Ele chamou o presidente do Banco Central que vai entrar e 3 ministros.&#8221;<\/span><\/em><\/span><\/p>\n<\/blockquote>\n<div style=\"box-sizing: border-box; margin-top: var(--block-spacing); margin-bottom: var(--block-spacing); color: #202020; font-family: UOLtext, Arial, sans-serif; font-size: 20px; text-align: justify;\" data-metric-slot=\"text-2\" data-nosnippet=\"\" data-v-232111b4=\"\">\n<div class=\"my-250\" style=\"box-sizing: border-box; margin-top: var(--solar-spacing-250); margin-bottom: var(--solar-spacing-250);\" data-cp-id=\"203940238sdf098098sdf9\" data-v-00f28dc5=\"\" data-v-232111b4=\"\">\n<div style=\"box-sizing: border-box;\" data-v-00f28dc5=\"\"><\/div>\n<\/div>\n<\/div>\n<p class=\"bullet\" style=\"box-sizing: border-box; font-size: 20px; line-height: 32px; margin-top: var(--block-spacing); margin-bottom: var(--block-spacing); color: #202020; font-family: UOLtext, Arial, sans-serif; text-align: justify;\" data-v-232111b4=\"\"><span style=\"font-family: georgia, palatino, serif; font-size: 12pt;\">O encontro, <strong>realizado fora da agenda oficial<\/strong>, reuniu Lula, Vorcaro, o ministro da Casa Civil Rui Costa, Gabriel Gal\u00edpolo \u2014ent\u00e3o rec\u00e9m-indicado \u00e0 presid\u00eancia do Banco Central\u2014 e o ex-ministro da Fazenda Guido Mantega, que articulou o encontro.<\/span><\/p>\n<p style=\"text-align: justify;\">A reuni\u00e3o <strong>n\u00e3o constou na agenda oficial da Presid\u00eancia,<\/strong> apesar de ter ocorrido dentro do Pal\u00e1cio do Planalto e com a presen\u00e7a de ministros.<\/p>\n<p style=\"text-align: justify;\">Na madrugada anterior ao encontro, Vorcaro revelou \u00e0 namorada que o presidente do Banco Central, provavelmente o que estava em exerc\u00edcio, Roberto Campos Neto, havia comentado sobre sua casa no exterior.<\/p>\n<blockquote><p><em>&#8220;Acredita que o presidente do Bacen j\u00e1 falou da nossa casa&#8221;, escreveu, referindo-se a um im\u00f3vel que o casal mantinha em Miami. Martha indaga: &#8220;Como ele sabe? Falou pra quem? Isso te prejudica?&#8221;.<\/em><\/p>\n<p><em>&#8220;N\u00e3o. Zero&#8221;, respondeu Vorcaro<\/em><\/p><\/blockquote>\n<p style=\"text-align: justify;\">Durante a reuni\u00e3o, segundo pessoas presentes, Vorcaro se queixou da suposta concentra\u00e7\u00e3o do sistema banc\u00e1rio brasileiro e a atua\u00e7\u00e3o dos grandes bancos. que segundo ele estariam atuando para prejudic\u00e1-lo.<\/p>\n<p style=\"text-align: justify;\">\n<p style=\"text-align: justify;\"><i><b>Continue em nossa companhia em:<\/b><\/i> <a href=\"http:\/\/www.mspontocom.com.br\/\"><span style=\"color: #0000ff;\"><span style=\"font-family: Comic Sans MS, cursive;\"><span style=\"font-size: small;\"><u>www.mspontocom.com.br<\/u><\/span><\/span><\/span><\/a><\/p>\n","protected":false},"excerpt":{"rendered":"<p>Mensagens obtidas pelo\u00a0UOL\u00a0mostram que Daniel Vorcaro, dono do Banco Master, comemorou com a namorada\u00a0Martha Graeff o resultado da reuni\u00e3o secreta que manteve com o presidente Lula no Pal\u00e1cio do Planalto em 4 de dezembro de 2024. &#8220;Foi \u00f3timo&#8221;, escreveu Vorcaro. &#8220;Muito forte. Ele chamou o presidente do Banco Central que vai entrar e 3 ministros.&#8221; [&hellip;]<\/p>\n","protected":false},"author":2,"featured_media":207517,"comment_status":"open","ping_status":"open","sticky":false,"template":"","format":"standard","meta":{"_monsterinsights_skip_tracking":false,"_monsterinsights_sitenote_active":false,"_monsterinsights_sitenote_note":"","_monsterinsights_sitenote_category":0},"categories":[6,30260,30259,12],"tags":[44314,480,42214,44148],"aioseo_notices":[],"_links":{"self":[{"href":"http:\/\/mspontocom.com.br\/site\/wp-json\/wp\/v2\/posts\/207509"}],"collection":[{"href":"http:\/\/mspontocom.com.br\/site\/wp-json\/wp\/v2\/posts"}],"about":[{"href":"http:\/\/mspontocom.com.br\/site\/wp-json\/wp\/v2\/types\/post"}],"author":[{"embeddable":true,"href":"http:\/\/mspontocom.com.br\/site\/wp-json\/wp\/v2\/users\/2"}],"replies":[{"embeddable":true,"href":"http:\/\/mspontocom.com.br\/site\/wp-json\/wp\/v2\/comments?post=207509"}],"version-history":[{"count":2,"href":"http:\/\/mspontocom.com.br\/site\/wp-json\/wp\/v2\/posts\/207509\/revisions"}],"predecessor-version":[{"id":207518,"href":"http:\/\/mspontocom.com.br\/site\/wp-json\/wp\/v2\/posts\/207509\/revisions\/207518"}],"wp:featuredmedia":[{"embeddable":true,"href":"http:\/\/mspontocom.com.br\/site\/wp-json\/wp\/v2\/media\/207517"}],"wp:attachment":[{"href":"http:\/\/mspontocom.com.br\/site\/wp-json\/wp\/v2\/media?parent=207509"}],"wp:term":[{"taxonomy":"category","embeddable":true,"href":"http:\/\/mspontocom.com.br\/site\/wp-json\/wp\/v2\/categories?post=207509"},{"taxonomy":"post_tag","embeddable":true,"href":"http:\/\/mspontocom.com.br\/site\/wp-json\/wp\/v2\/tags?post=207509"}],"curies":[{"name":"wp","href":"https:\/\/api.w.org\/{rel}","templated":true}]}}