{"id":207530,"date":"2026-03-05T03:33:05","date_gmt":"2026-03-05T07:33:05","guid":{"rendered":"https:\/\/mspontocom.com.br\/site\/?p=207530"},"modified":"2026-03-05T07:36:52","modified_gmt":"2026-03-05T11:36:52","slug":"empresas-brasileiras-nunca-gastaram-tanto-com-acoes-trabalhistas","status":"publish","type":"post","link":"http:\/\/mspontocom.com.br\/site\/empresas-brasileiras-nunca-gastaram-tanto-com-acoes-trabalhistas\/","title":{"rendered":"Empresas brasileiras nunca gastaram tanto com a\u00e7\u00f5es trabalhistas"},"content":{"rendered":"<p><img loading=\"lazy\" class=\"alignnone size-full wp-image-207539\" src=\"http:\/\/mspontocom.com.br\/site\/wp-content\/uploads\/2026\/03\/site-as-empresas-brasileiras-nunca-gastaram-tanto-com-acoes-trabalhistas-acoes-trabalho.jpg\" alt=\"\" width=\"960\" height=\"640\" srcset=\"http:\/\/mspontocom.com.br\/site\/wp-content\/uploads\/2026\/03\/site-as-empresas-brasileiras-nunca-gastaram-tanto-com-acoes-trabalhistas-acoes-trabalho.jpg 960w, http:\/\/mspontocom.com.br\/site\/wp-content\/uploads\/2026\/03\/site-as-empresas-brasileiras-nunca-gastaram-tanto-com-acoes-trabalhistas-acoes-trabalho-260x173.jpg 260w, http:\/\/mspontocom.com.br\/site\/wp-content\/uploads\/2026\/03\/site-as-empresas-brasileiras-nunca-gastaram-tanto-com-acoes-trabalhistas-acoes-trabalho-768x512.jpg 768w\" sizes=\"(max-width: 960px) 100vw, 960px\" \/><\/p>\n<table role=\"none\" border=\"0\" width=\"100%\" cellspacing=\"0\" cellpadding=\"0\">\n<tbody>\n<tr>\n<td align=\"left\">No ano passado, as empresas brasileiras desembolsaram\u00a0<b>mais de R$ 50 bilh\u00f5es<\/b>\u00a0para pagar senten\u00e7as e\u00a0<a href=\"https:\/\/link.mail.beehiiv.com\/v1\/c\/5%2Fg85U0TuYwmqxmdjHWweqraT%2BKhmlI8e9Fnd8G9fYFnvtI817eVcgelYh77%0A6i0aGlloxxSgrW3kJ6wJKc7k3R%2Bd7tF5M7Ar%2BhVgQ8lu96XosLp7mQsGibPD%0AwnlH66Q5QxY8HbjaPp8S9dT2FfZb56W5%2BjpGkkMABtF32CDvusQ%3D%0A\/a864a17a0e6d8f5d\" target=\"_blank\" rel=\"noopener noreferrer nofollow\" data-saferedirecturl=\"https:\/\/www.google.com\/url?q=https:\/\/link.mail.beehiiv.com\/v1\/c\/5%252Fg85U0TuYwmqxmdjHWweqraT%252BKhmlI8e9Fnd8G9fYFnvtI817eVcgelYh77%250A6i0aGlloxxSgrW3kJ6wJKc7k3R%252Bd7tF5M7Ar%252BhVgQ8lu96XosLp7mQsGibPD%250AwnlH66Q5QxY8HbjaPp8S9dT2FfZb56W5%252BjpGkkMABtF32CDvusQ%253D%250A\/a864a17a0e6d8f5d&amp;source=gmail&amp;ust=1772794219320000&amp;usg=AOvVaw3RJMee7CeTzGrbgX_IiILv\">acordos envolvendo a\u00e7\u00f5es na justi\u00e7a trabalhista<\/a>.<\/td>\n<\/tr>\n<tr>\n<td align=\"left\"><img class=\"an1\" draggable=\"false\" src=\"https:\/\/fonts.gstatic.com\/s\/e\/notoemoji\/17.0\/1f4bc\/32.png\" alt=\"&#x1f4bc;\" data-emoji=\"&#x1f4bc;\" aria-label=\"&#x1f4bc;\" \/><b>\u00a0A relev\u00e2ncia:<\/b>\u00a0Esse valor supera at\u00e9 o or\u00e7amento inteiro da\u00a0<b>Justi\u00e7a do Trabalho<\/b>\u00a0no mesmo ano, que foi de R$ 30 bilh\u00f5es.<\/td>\n<\/tr>\n<tr>\n<td align=\"left\">Ou seja, as empresas gastaram mais\u00a0<b>pagando processos<\/b>\u00a0do que o governo gastou para manter toda a m\u00e1quina judicial trabalhista em funcionamento.<\/td>\n<\/tr>\n<tr>\n<td align=\"left\"><b><img class=\"an1\" draggable=\"false\" src=\"https:\/\/fonts.gstatic.com\/s\/e\/notoemoji\/17.0\/1f4b0\/32.png\" alt=\"&#x1f4b0;\" data-emoji=\"&#x1f4b0;\" aria-label=\"&#x1f4b0;\" \/>\u00a0Destrinchando os n\u00fameros:<\/b>\u00a0Os R$ 50,7 bilh\u00f5es sa\u00edram dos bolsos das empresas de tr\u00eas formas \u2014\u00a0<b>acordos<\/b>\u00a0(R$ 22,4 bi),\u00a0<b>condena\u00e7\u00f5es<\/b>\u00a0(R$ 22 bi) e\u00a0<b>pagamentos espont\u00e2neos ap\u00f3s as decis\u00f5es<\/b>\u00a0(R$ 6,2 bi).<\/td>\n<\/tr>\n<tr>\n<td class=\"m_-3346014326478725285ee\">\n<div>\n<ul>\n<li>Al\u00e9m disso, ainda h\u00e1 R$ 6,7 bilh\u00f5es em\u00a0<b>impostos<\/b>\u00a0sobre esses valores.<\/li>\n<\/ul>\n<\/div>\n<\/td>\n<\/tr>\n<tr>\n<td align=\"left\"><img class=\"an1\" draggable=\"false\" src=\"https:\/\/fonts.gstatic.com\/s\/e\/notoemoji\/17.0\/1f4c8\/32.png\" alt=\"&#x1f4c8;\" data-emoji=\"&#x1f4c8;\" aria-label=\"&#x1f4c8;\" \/><b>\u00a0Os processos tamb\u00e9m explodiram:<\/b>\u00a0Foram registradas\u00a0<b>2,3 milh\u00f5es de novas a\u00e7\u00f5es trabalhistas<\/b>\u00a0em 2025 \u2014 um aumento de 8,7% em rela\u00e7\u00e3o ao ano anterior \u2014, o maior n\u00famero desde a reforma trabalhista de 2017.<\/td>\n<\/tr>\n<tr>\n<td align=\"left\">Esses processos incluem reclama\u00e7\u00f5es por\u00a0<b>direitos<\/b>\u00a0como horas extras, verbas rescis\u00f3rias, adicional de insalubridade e indeniza\u00e7\u00f5es.<\/td>\n<\/tr>\n<tr>\n<td align=\"left\"><b><img class=\"an1\" draggable=\"false\" src=\"https:\/\/fonts.gstatic.com\/s\/e\/notoemoji\/17.0\/1f468_200d_2696_fe0f\/32.png\" alt=\"&#x1f468;&#x200d;&#x2696;&#xfe0f;\" data-emoji=\"&#x1f468;&#x200d;&#x2696;&#xfe0f;\" aria-label=\"&#x1f468;&#x200d;&#x2696;&#xfe0f;\" \/>\u00a0O ponto de virada:<\/b>\u00a0O boom no n\u00famero de a\u00e7\u00f5es veio principalmente depois de 2021, quando o STF derrubou uma regra que obrigava quem perdia processos a\u00a0<b>pagar os custos da a\u00e7\u00e3o<\/b>.<\/td>\n<\/tr>\n<tr>\n<td align=\"center\" valign=\"top\">\n<table class=\"m_-3346014326478725285d2\" role=\"none\" border=\"0\" width=\"100%\" cellspacing=\"0\" cellpadding=\"0\" align=\"center\">\n<tbody>\n<tr>\n<td align=\"center\" valign=\"top\">\n<table role=\"none\" border=\"0\" width=\"100%\" cellspacing=\"0\" cellpadding=\"0\" align=\"center\">\n<tbody>\n<tr>\n<td class=\"m_-3346014326478725285i2\" align=\"left\" valign=\"top\">Com isso, entrar na Justi\u00e7a voltou a praticamente n\u00e3o ter riscos financeiros para uma das partes.<\/td>\n<\/tr>\n<\/tbody>\n<\/table>\n<\/td>\n<\/tr>\n<\/tbody>\n<\/table>\n<\/td>\n<\/tr>\n<tr>\n<td align=\"left\"><b><img class=\"an1\" draggable=\"false\" src=\"https:\/\/fonts.gstatic.com\/s\/e\/notoemoji\/17.0\/27a1_fe0f\/32.png\" alt=\"&#x27a1;&#xfe0f;\" data-emoji=\"&#x27a1;&#xfe0f;\" aria-label=\"&#x27a1;&#xfe0f;\" \/>\u00a0De um lado\u2026<\/b>\u00a0Para muitas empresas, isso significa\u00a0<b>custos enormes no or\u00e7amento<\/b>, afetando investimentos e planejamento, especialmente em setores que j\u00e1 operam com margens apertadas.<\/td>\n<\/tr>\n<tr>\n<td align=\"left\">\n<p style=\"text-align: justify;\"><b><img class=\"an1\" draggable=\"false\" src=\"https:\/\/fonts.gstatic.com\/s\/e\/notoemoji\/17.0\/2b05_fe0f\/32.png\" alt=\"&#x2b05;&#xfe0f;\" data-emoji=\"&#x2b05;&#xfe0f;\" aria-label=\"&#x2b05;&#xfe0f;\" \/>\u00a0Do outro\u2026<\/b>\u00a0Ao mesmo tempo, para o trabalhador, entrar com uma a\u00e7\u00e3o muitas vezes \u00e9 o\u00a0<b>\u00faltimo recurso<\/b>\u00a0quando\u00a0<b>direitos\u00a0<\/b>\u2014 como o pagamento correto de sal\u00e1rios ou de horas extras \u2014 n\u00e3o s\u00e3o respeitados no dia a dia.<\/p>\n<p style=\"text-align: justify;\">fonte: Espresso<\/p>\n<\/td>\n<\/tr>\n<\/tbody>\n<\/table>\n","protected":false},"excerpt":{"rendered":"<p>No ano passado, as empresas brasileiras desembolsaram\u00a0mais de R$ 50 bilh\u00f5es\u00a0para pagar senten\u00e7as e\u00a0acordos envolvendo a\u00e7\u00f5es na justi\u00e7a trabalhista. \u00a0A relev\u00e2ncia:\u00a0Esse valor supera at\u00e9 o or\u00e7amento inteiro da\u00a0Justi\u00e7a do Trabalho\u00a0no mesmo ano, que foi de R$ 30 bilh\u00f5es. Ou seja, as empresas gastaram mais\u00a0pagando processos\u00a0do que o governo gastou para manter toda a m\u00e1quina judicial [&hellip;]<\/p>\n","protected":false},"author":2,"featured_media":207539,"comment_status":"open","ping_status":"open","sticky":false,"template":"","format":"standard","meta":{"_monsterinsights_skip_tracking":false,"_monsterinsights_sitenote_active":false,"_monsterinsights_sitenote_note":"","_monsterinsights_sitenote_category":0},"categories":[15],"tags":[44319,2937,44318],"aioseo_notices":[],"_links":{"self":[{"href":"http:\/\/mspontocom.com.br\/site\/wp-json\/wp\/v2\/posts\/207530"}],"collection":[{"href":"http:\/\/mspontocom.com.br\/site\/wp-json\/wp\/v2\/posts"}],"about":[{"href":"http:\/\/mspontocom.com.br\/site\/wp-json\/wp\/v2\/types\/post"}],"author":[{"embeddable":true,"href":"http:\/\/mspontocom.com.br\/site\/wp-json\/wp\/v2\/users\/2"}],"replies":[{"embeddable":true,"href":"http:\/\/mspontocom.com.br\/site\/wp-json\/wp\/v2\/comments?post=207530"}],"version-history":[{"count":2,"href":"http:\/\/mspontocom.com.br\/site\/wp-json\/wp\/v2\/posts\/207530\/revisions"}],"predecessor-version":[{"id":207540,"href":"http:\/\/mspontocom.com.br\/site\/wp-json\/wp\/v2\/posts\/207530\/revisions\/207540"}],"wp:featuredmedia":[{"embeddable":true,"href":"http:\/\/mspontocom.com.br\/site\/wp-json\/wp\/v2\/media\/207539"}],"wp:attachment":[{"href":"http:\/\/mspontocom.com.br\/site\/wp-json\/wp\/v2\/media?parent=207530"}],"wp:term":[{"taxonomy":"category","embeddable":true,"href":"http:\/\/mspontocom.com.br\/site\/wp-json\/wp\/v2\/categories?post=207530"},{"taxonomy":"post_tag","embeddable":true,"href":"http:\/\/mspontocom.com.br\/site\/wp-json\/wp\/v2\/tags?post=207530"}],"curies":[{"name":"wp","href":"https:\/\/api.w.org\/{rel}","templated":true}]}}