{"id":207547,"date":"2026-03-06T05:57:48","date_gmt":"2026-03-06T09:57:48","guid":{"rendered":"https:\/\/mspontocom.com.br\/site\/?p=207547"},"modified":"2026-03-06T06:00:33","modified_gmt":"2026-03-06T10:00:33","slug":"apos-desavencas-eduardo-e-nikolas-selam-a-paz-com-afagos","status":"publish","type":"post","link":"http:\/\/mspontocom.com.br\/site\/apos-desavencas-eduardo-e-nikolas-selam-a-paz-com-afagos\/","title":{"rendered":"Ap\u00f3s desaven\u00e7as, Eduardo e Nikolas selam a paz com afagos"},"content":{"rendered":"<p class=\"postParagraph_post-paragraph__juWZN postParagraph_post-paragraph-innerHtml__Q5vwc\" style=\"text-align: justify;\"><img loading=\"lazy\" class=\"alignnone size-full wp-image-207560\" src=\"http:\/\/mspontocom.com.br\/site\/wp-content\/uploads\/2026\/03\/site-apos-desavencas-eduardo-e-nikolas-selam-a-paz-com-afagos-eduardo-bolsonaro-.webp\" alt=\"\" width=\"826\" height=\"412\" srcset=\"http:\/\/mspontocom.com.br\/site\/wp-content\/uploads\/2026\/03\/site-apos-desavencas-eduardo-e-nikolas-selam-a-paz-com-afagos-eduardo-bolsonaro-.webp 826w, http:\/\/mspontocom.com.br\/site\/wp-content\/uploads\/2026\/03\/site-apos-desavencas-eduardo-e-nikolas-selam-a-paz-com-afagos-eduardo-bolsonaro--260x130.webp 260w, http:\/\/mspontocom.com.br\/site\/wp-content\/uploads\/2026\/03\/site-apos-desavencas-eduardo-e-nikolas-selam-a-paz-com-afagos-eduardo-bolsonaro--768x383.webp 768w\" sizes=\"(max-width: 826px) 100vw, 826px\" \/>Ap\u00f3s cr\u00edticas m\u00fatuas e p\u00fablicas, duas das principais lideran\u00e7as da direita selaram a paz nesta quinta-feira (5).<\/p>\n<p class=\"postParagraph_post-paragraph__juWZN postParagraph_post-paragraph-innerHtml__Q5vwc\" style=\"text-align: justify;\">Para Eduardo Bolsonaro, associar Ferreira ao \u201ccaso Master\u201d \u00e9 uma \u201cnarrativa absurda\u201d.<\/p>\n<p class=\"postParagraph_post-paragraph__juWZN postParagraph_post-paragraph-innerHtml__Q5vwc\" style=\"text-align: justify;\">\u201cN\u00e3o me prestarei a servir de plataforma para persegui\u00e7\u00e3o pol\u00edtica\u201d, declarou o parlamentar, que admitiu desaven\u00e7as pr\u00e9vias com o colega mineiro.<\/p>\n<p class=\"postParagraph_post-paragraph__juWZN postParagraph_post-paragraph-innerHtml__Q5vwc\" style=\"text-align: justify;\">Nikolas reconheceu o gesto e aceitou a solidariedade em resposta publicada tamb\u00e9m no X:<\/p>\n<p class=\"postParagraph_post-paragraph__juWZN postParagraph_post-paragraph-innerHtml__Q5vwc\" style=\"text-align: justify;\">\u201cObrigado, Eduardo. At\u00e9 mesmo os ataques mais levianos n\u00e3o prosperam diante da verdade. Ela sempre prevalece.\u201d<\/p>\n<h2 class=\"postParagraph_post-paragraph__juWZN postParagraph_post-paragraph-innerHtml__Q5vwc postParagraph_type-tag-h2__TtFkT\" style=\"text-align: justify;\">Contexto<\/h2>\n<p class=\"postParagraph_post-paragraph__juWZN postParagraph_post-paragraph-innerHtml__Q5vwc\" style=\"text-align: justify;\">No \u00faltimo fim de semana, Nikolas havia reproduzido em sua conta no X uma carta atribu\u00edda a Jair Bolsonaro, na qual o ex-presidente lamentava o \u201cfogo amigo\u201d direcionado \u00e0 sua esposa, Michelle Bolsonaro.<\/p>\n<p class=\"postParagraph_post-paragraph__juWZN postParagraph_post-paragraph-innerHtml__Q5vwc\" style=\"text-align: justify;\">A mensagem do pai era uma cr\u00edtica direta a Eduardo, que anteriormente havia acusado Nikolas e Michelle de \u201camn\u00e9sia\u201d por, supostamente, n\u00e3o se engajarem o suficiente na campanha de Fl\u00e1vio Bolsonaro.<\/p>\n<p style=\"text-align: justify;\"><i><b>Continue em nossa companhia em:<\/b><\/i> <a href=\"http:\/\/www.mspontocom.com.br\/\"><span style=\"color: #0000ff;\"><span style=\"font-family: Comic Sans MS, cursive;\"><span style=\"font-size: small;\"><u>www.mspontocom.com.br<\/u><\/span><\/span><\/span><\/a><\/p>\n<p>foto: Marcos Oliveira, Ag\u00eancia Senado<\/p>\n<p>&nbsp;<\/p>\n","protected":false},"excerpt":{"rendered":"<p>Ap\u00f3s cr\u00edticas m\u00fatuas e p\u00fablicas, duas das principais lideran\u00e7as da direita selaram a paz nesta quinta-feira (5). Para Eduardo Bolsonaro, associar Ferreira ao \u201ccaso Master\u201d \u00e9 uma \u201cnarrativa absurda\u201d. \u201cN\u00e3o me prestarei a servir de plataforma para persegui\u00e7\u00e3o pol\u00edtica\u201d, declarou o parlamentar, que admitiu desaven\u00e7as pr\u00e9vias com o colega mineiro. Nikolas reconheceu o gesto e [&hellip;]<\/p>\n","protected":false},"author":2,"featured_media":207560,"comment_status":"open","ping_status":"open","sticky":false,"template":"","format":"standard","meta":{"_monsterinsights_skip_tracking":false,"_monsterinsights_sitenote_active":false,"_monsterinsights_sitenote_note":"","_monsterinsights_sitenote_category":0},"categories":[6,30260,30259,12],"tags":[38233,40695,44325,44324],"aioseo_notices":[],"_links":{"self":[{"href":"http:\/\/mspontocom.com.br\/site\/wp-json\/wp\/v2\/posts\/207547"}],"collection":[{"href":"http:\/\/mspontocom.com.br\/site\/wp-json\/wp\/v2\/posts"}],"about":[{"href":"http:\/\/mspontocom.com.br\/site\/wp-json\/wp\/v2\/types\/post"}],"author":[{"embeddable":true,"href":"http:\/\/mspontocom.com.br\/site\/wp-json\/wp\/v2\/users\/2"}],"replies":[{"embeddable":true,"href":"http:\/\/mspontocom.com.br\/site\/wp-json\/wp\/v2\/comments?post=207547"}],"version-history":[{"count":4,"href":"http:\/\/mspontocom.com.br\/site\/wp-json\/wp\/v2\/posts\/207547\/revisions"}],"predecessor-version":[{"id":207561,"href":"http:\/\/mspontocom.com.br\/site\/wp-json\/wp\/v2\/posts\/207547\/revisions\/207561"}],"wp:featuredmedia":[{"embeddable":true,"href":"http:\/\/mspontocom.com.br\/site\/wp-json\/wp\/v2\/media\/207560"}],"wp:attachment":[{"href":"http:\/\/mspontocom.com.br\/site\/wp-json\/wp\/v2\/media?parent=207547"}],"wp:term":[{"taxonomy":"category","embeddable":true,"href":"http:\/\/mspontocom.com.br\/site\/wp-json\/wp\/v2\/categories?post=207547"},{"taxonomy":"post_tag","embeddable":true,"href":"http:\/\/mspontocom.com.br\/site\/wp-json\/wp\/v2\/tags?post=207547"}],"curies":[{"name":"wp","href":"https:\/\/api.w.org\/{rel}","templated":true}]}}