{"id":207641,"date":"2026-03-10T04:55:28","date_gmt":"2026-03-10T08:55:28","guid":{"rendered":"https:\/\/mspontocom.com.br\/site\/?p=207641"},"modified":"2026-03-10T04:56:56","modified_gmt":"2026-03-10T08:56:56","slug":"sob-lula-inadimplencia-tem-o-maior-indice-da-historia","status":"publish","type":"post","link":"http:\/\/mspontocom.com.br\/site\/sob-lula-inadimplencia-tem-o-maior-indice-da-historia\/","title":{"rendered":"Sob Lula, inadimpl\u00eancia tem o maior \u00edndice da hist\u00f3ria"},"content":{"rendered":"<p><img loading=\"lazy\" class=\"alignnone size-full wp-image-207652\" src=\"http:\/\/mspontocom.com.br\/site\/wp-content\/uploads\/2026\/03\/site-sob-lula-inadimplencia-tem-o-maior-indice-da-historia-grafico.jpg\" alt=\"\" width=\"848\" height=\"477\" srcset=\"http:\/\/mspontocom.com.br\/site\/wp-content\/uploads\/2026\/03\/site-sob-lula-inadimplencia-tem-o-maior-indice-da-historia-grafico.jpg 848w, http:\/\/mspontocom.com.br\/site\/wp-content\/uploads\/2026\/03\/site-sob-lula-inadimplencia-tem-o-maior-indice-da-historia-grafico-260x146.jpg 260w, http:\/\/mspontocom.com.br\/site\/wp-content\/uploads\/2026\/03\/site-sob-lula-inadimplencia-tem-o-maior-indice-da-historia-grafico-768x432.jpg 768w\" sizes=\"(max-width: 848px) 100vw, 848px\" \/>Nunca antes na hist\u00f3ria deste pa\u00eds, n\u00e3o \u00e9 Lula?<\/p>\n<p class=\"postParagraph_post-paragraph__juWZN postParagraph_post-paragraph-innerHtml__Q5vwc\" style=\"text-align: justify;\">Quase metade da popula\u00e7\u00e3o adulta brasileira est\u00e1 inadimplente.<\/p>\n<p class=\"postParagraph_post-paragraph__juWZN postParagraph_post-paragraph-innerHtml__Q5vwc\" style=\"text-align: justify;\">Em janeiro de 2026, eram 81,2 milh\u00f5es de pessoas nessa condi\u00e7\u00e3o \u2014 <strong>nunca foi t\u00e3o alto, segundo a Serasa Experian.<\/strong><\/p>\n<p class=\"postParagraph_post-paragraph__juWZN postParagraph_post-paragraph-innerHtml__Q5vwc\" style=\"text-align: justify;\">Enquanto economias avan\u00e7adas come\u00e7am a estabilizar os \u00edndices de insolv\u00eancia ap\u00f3s os impactos da pandemia, o Brasil acelera na dire\u00e7\u00e3o contr\u00e1ria.<\/p>\n<p class=\"postParagraph_post-paragraph__juWZN postParagraph_post-paragraph-innerHtml__Q5vwc\" style=\"text-align: justify;\">E o pior, segundo especialistas, ainda est\u00e1 por vir, especialmente se o conflito no Ir\u00e3 se prolongar.<\/p>\n<p class=\"postParagraph_post-paragraph__juWZN postParagraph_post-paragraph-innerHtml__Q5vwc\" style=\"text-align: justify;\">O Sistema Financeiro Nacional confirma o diagn\u00f3stico: em janeiro de 2026, a inadimpl\u00eancia m\u00e9dia do pa\u00eds chegou a 4,2%, <strong>o maior \u00edndice da s\u00e9rie hist\u00f3rica do Banco Central (BC)<\/strong>, iniciada em mar\u00e7o de 2011.<\/p>\n<p class=\"postParagraph_post-paragraph__juWZN postParagraph_post-paragraph-innerHtml__Q5vwc\" style=\"text-align: justify;\">No cr\u00e9dito livre, onde as condi\u00e7\u00f5es s\u00e3o negociadas diretamente entre bancos e clientes, o \u00edndice supera 5%.<\/p>\n<p class=\"postParagraph_post-paragraph__juWZN postParagraph_post-paragraph-innerHtml__Q5vwc\" style=\"text-align: justify;\">Desde o in\u00edcio do terceiro mandato de Lula (PT), s\u00e3o 11,3 milh\u00f5es de pessoas a mais nessa condi\u00e7\u00e3o.<\/p>\n<p class=\"postParagraph_post-paragraph__juWZN postParagraph_post-paragraph-innerHtml__Q5vwc\" style=\"text-align: justify;\">O perfil revela quem carrega o peso da crise: dois ter\u00e7os dos inadimplentes t\u00eam entre 26 e 60 anos, ou seja, a faixa economicamente ativa da popula\u00e7\u00e3o.<\/p>\n<p class=\"postParagraph_post-paragraph__juWZN postParagraph_post-paragraph-innerHtml__Q5vwc\" style=\"text-align: justify;\">Dados do Banco Central revelam a dimens\u00e3o estrutural do problema.<\/p>\n<p class=\"postParagraph_post-paragraph__juWZN postParagraph_post-paragraph-innerHtml__Q5vwc\" style=\"text-align: justify;\">O endividamento das fam\u00edlias brasileiras fechou 2025 em 49,7% da renda \u2014 alta de 1,3 ponto percentual no ano.<\/p>\n<p class=\"postParagraph_post-paragraph__juWZN postParagraph_post-paragraph-innerHtml__Q5vwc\" style=\"text-align: justify;\">Em dezembro, o comprometimento de renda com o pagamento de d\u00edvidas chegou a 29,2%, o que deixa pouca margem para qualquer imprevisto financeiro.<\/p>\n<p class=\"postParagraph_post-paragraph__juWZN postParagraph_post-paragraph-innerHtml__Q5vwc\" style=\"text-align: justify;\">Mas o problema n\u00e3o se limita \u00e0s fam\u00edlias: em novembro, havia 8,9 milh\u00f5es de CNPJs negativados, segundo a Serasa Experian, tamb\u00e9m em n\u00edvel sem precedentes.<\/p>\n<p class=\"postParagraph_post-paragraph__juWZN postParagraph_post-paragraph-innerHtml__Q5vwc\" style=\"text-align: justify;\">O avan\u00e7o da insolv\u00eancia \u00e9 impulsionado pela combina\u00e7\u00e3o de Selic a 15%, gastos p\u00fablicos elevados e uma cultura de endividamento que atingiu seu limite.<\/p>\n<p class=\"postParagraph_post-paragraph__juWZN postParagraph_post-paragraph-innerHtml__Q5vwc\" style=\"text-align: justify;\">Com a taxa projetada em 12,25% ao fim de 2026 e crescimento do PIB estimado em 1,8%, especialistas alertam que os picos de insolv\u00eancia ainda est\u00e3o por vir \u2014 e o cen\u00e1rio pode se deteriorar ainda mais caso a escalada no Oriente M\u00e9dio mantenha o petr\u00f3leo elevado, pressionando infla\u00e7\u00e3o e juros no Brasil.<\/p>\n<p style=\"text-align: justify;\"><span style=\"color: #444444;\"><span style=\"font-family: Ubuntu, Helvetica, Arial, sans-serif;\"><span style=\"font-size: large;\"><i><b>Continue em nossa companhia em:<\/b><\/i><\/span><\/span><\/span><span style=\"color: #444444;\"><span style=\"font-family: Montserrat;\"><span style=\"font-size: medium;\">\u00a0<\/span><\/span><\/span><a href=\"http:\/\/www.mspontocom.com.br\/\"><span style=\"color: #0000ff;\"><span style=\"font-family: Comic Sans MS, cursive;\"><span style=\"font-size: medium;\"><u>www.mspontocom.com.br<\/u><\/span><\/span><\/span><\/a><\/p>\n","protected":false},"excerpt":{"rendered":"<p>Nunca antes na hist\u00f3ria deste pa\u00eds, n\u00e3o \u00e9 Lula? Quase metade da popula\u00e7\u00e3o adulta brasileira est\u00e1 inadimplente. Em janeiro de 2026, eram 81,2 milh\u00f5es de pessoas nessa condi\u00e7\u00e3o \u2014 nunca foi t\u00e3o alto, segundo a Serasa Experian. Enquanto economias avan\u00e7adas come\u00e7am a estabilizar os \u00edndices de insolv\u00eancia ap\u00f3s os impactos da pandemia, o Brasil acelera [&hellip;]<\/p>\n","protected":false},"author":2,"featured_media":207652,"comment_status":"open","ping_status":"open","sticky":false,"template":"","format":"standard","meta":{"_monsterinsights_skip_tracking":false,"_monsterinsights_sitenote_active":false,"_monsterinsights_sitenote_note":"","_monsterinsights_sitenote_category":0},"categories":[6,30260,15,30259,12],"tags":[22063,1530,21923,480,24332],"aioseo_notices":[],"_links":{"self":[{"href":"http:\/\/mspontocom.com.br\/site\/wp-json\/wp\/v2\/posts\/207641"}],"collection":[{"href":"http:\/\/mspontocom.com.br\/site\/wp-json\/wp\/v2\/posts"}],"about":[{"href":"http:\/\/mspontocom.com.br\/site\/wp-json\/wp\/v2\/types\/post"}],"author":[{"embeddable":true,"href":"http:\/\/mspontocom.com.br\/site\/wp-json\/wp\/v2\/users\/2"}],"replies":[{"embeddable":true,"href":"http:\/\/mspontocom.com.br\/site\/wp-json\/wp\/v2\/comments?post=207641"}],"version-history":[{"count":3,"href":"http:\/\/mspontocom.com.br\/site\/wp-json\/wp\/v2\/posts\/207641\/revisions"}],"predecessor-version":[{"id":207656,"href":"http:\/\/mspontocom.com.br\/site\/wp-json\/wp\/v2\/posts\/207641\/revisions\/207656"}],"wp:featuredmedia":[{"embeddable":true,"href":"http:\/\/mspontocom.com.br\/site\/wp-json\/wp\/v2\/media\/207652"}],"wp:attachment":[{"href":"http:\/\/mspontocom.com.br\/site\/wp-json\/wp\/v2\/media?parent=207641"}],"wp:term":[{"taxonomy":"category","embeddable":true,"href":"http:\/\/mspontocom.com.br\/site\/wp-json\/wp\/v2\/categories?post=207641"},{"taxonomy":"post_tag","embeddable":true,"href":"http:\/\/mspontocom.com.br\/site\/wp-json\/wp\/v2\/tags?post=207641"}],"curies":[{"name":"wp","href":"https:\/\/api.w.org\/{rel}","templated":true}]}}