{"id":207709,"date":"2026-03-12T05:54:29","date_gmt":"2026-03-12T09:54:29","guid":{"rendered":"https:\/\/mspontocom.com.br\/site\/?p=207709"},"modified":"2026-03-12T05:54:29","modified_gmt":"2026-03-12T09:54:29","slug":"mais-uma-taxa-lula-agora-mira-os-entregadores-e-motoboys","status":"publish","type":"post","link":"http:\/\/mspontocom.com.br\/site\/mais-uma-taxa-lula-agora-mira-os-entregadores-e-motoboys\/","title":{"rendered":"Mais uma taxa: Lula agora mira os entregadores e motoboys"},"content":{"rendered":"<p style=\"text-align: justify;\"><img loading=\"lazy\" class=\"alignnone size-full wp-image-207711\" src=\"http:\/\/mspontocom.com.br\/site\/wp-content\/uploads\/2026\/03\/site-mais-uma-taxa-lula-agora-miram-os-entregadores-lula-dinheiro.jpg\" alt=\"\" width=\"800\" height=\"500\" srcset=\"http:\/\/mspontocom.com.br\/site\/wp-content\/uploads\/2026\/03\/site-mais-uma-taxa-lula-agora-miram-os-entregadores-lula-dinheiro.jpg 800w, http:\/\/mspontocom.com.br\/site\/wp-content\/uploads\/2026\/03\/site-mais-uma-taxa-lula-agora-miram-os-entregadores-lula-dinheiro-260x163.jpg 260w, http:\/\/mspontocom.com.br\/site\/wp-content\/uploads\/2026\/03\/site-mais-uma-taxa-lula-agora-miram-os-entregadores-lula-dinheiro-768x480.jpg 768w\" sizes=\"(max-width: 800px) 100vw, 800px\" \/>O governo do presidente Lula\u00a0pretende acelerar a implementa\u00e7\u00e3o da legisla\u00e7\u00e3o que regulamenta o trabalho de\u00a0<strong>motoristas e entregadores por aplicativo<\/strong>.<\/p>\n<p style=\"text-align: justify;\">A proposta vem sendo discutida por integrantes do governo, entre eles o ministro da Secretaria-Geral da Presid\u00eancia,\u00a0<strong>Guilherme Boulos<\/strong>, que defende a cria\u00e7\u00e3o de regras para equilibrar a rela\u00e7\u00e3o entre trabalhadores e plataformas digitais.<\/p>\n<h2 id=\"h-preocupacao-com-impacto-na-renda-dos-trabalhadores\" class=\"wp-block-heading\" style=\"text-align: justify;\">Preocupa\u00e7\u00e3o dos trabalhadores<\/h2>\n<p style=\"text-align: justify;\">Entre motoristas e entregadores, uma das principais preocupa\u00e7\u00f5es \u00e9 que a regulamenta\u00e7\u00e3o possa resultar em\u00a0<strong>redu\u00e7\u00e3o da renda l\u00edquida<\/strong>.<\/p>\n<p style=\"text-align: justify;\">Isso porque, al\u00e9m das taxas j\u00e1 cobradas pelas plataformas, os trabalhadores poderiam passar a\u00a0contribuir obrigatoriamente para a Previd\u00eancia\u00a0Social.<\/p>\n<p style=\"text-align: justify;\">Outro ponto levantado pela categoria \u00e9 o receio de\u00a0<strong>perda de autonomia<\/strong>, com poss\u00edveis mudan\u00e7as nas regras sobre carga hor\u00e1ria ou organiza\u00e7\u00e3o do trabalho.<\/p>\n<h2 id=\"h-governo-busca-acelerar-votacao-da-proposta\" class=\"wp-block-heading\" style=\"text-align: justify;\">Governo busca acelerar vota\u00e7\u00e3o da proposta<\/h2>\n<p style=\"text-align: justify;\">Para avan\u00e7ar com a regulamenta\u00e7\u00e3o, os ministros Luiz Marinho (Trabalho) e Gleise Hoffmann\u00a0se reuniram com o presidente da\u00a0C\u00e2mara dos Deputados,\u00a0Hugo Motta.<\/p>\n<p style=\"text-align: justify;\">O objetivo do encontro foi discutir formas de acelerar a an\u00e1lise do relat\u00f3rio elaborado pelo deputado\u00a0Augusto Coutinho.<\/p>\n<p><span style=\"color: #444444;\"><span style=\"font-family: Ubuntu, Helvetica, Arial, sans-serif;\"><span style=\"font-size: large;\"><i><b>Continue em nossa companhia em:<\/b><\/i><\/span><\/span><\/span><span style=\"color: #444444;\"><span style=\"font-family: Montserrat;\"><span style=\"font-size: medium;\">\u00a0<\/span><\/span><\/span><a href=\"http:\/\/www.mspontocom.com.br\/\"><span style=\"color: #0000ff;\"><span style=\"font-family: Comic Sans MS, cursive;\"><span style=\"font-size: medium;\"><u>www.mspontocom.com.br<\/u><\/span><\/span><\/span><\/a><\/p>\n","protected":false},"excerpt":{"rendered":"<p>O governo do presidente Lula\u00a0pretende acelerar a implementa\u00e7\u00e3o da legisla\u00e7\u00e3o que regulamenta o trabalho de\u00a0motoristas e entregadores por aplicativo. A proposta vem sendo discutida por integrantes do governo, entre eles o ministro da Secretaria-Geral da Presid\u00eancia,\u00a0Guilherme Boulos, que defende a cria\u00e7\u00e3o de regras para equilibrar a rela\u00e7\u00e3o entre trabalhadores e plataformas digitais. Preocupa\u00e7\u00e3o dos trabalhadores [&hellip;]<\/p>\n","protected":false},"author":2,"featured_media":207711,"comment_status":"open","ping_status":"open","sticky":false,"template":"","format":"standard","meta":{"_monsterinsights_skip_tracking":false,"_monsterinsights_sitenote_active":false,"_monsterinsights_sitenote_note":"","_monsterinsights_sitenote_category":0},"categories":[6,30260,15,30259,12],"tags":[44356,480,28797,9614,3609],"aioseo_notices":[],"_links":{"self":[{"href":"http:\/\/mspontocom.com.br\/site\/wp-json\/wp\/v2\/posts\/207709"}],"collection":[{"href":"http:\/\/mspontocom.com.br\/site\/wp-json\/wp\/v2\/posts"}],"about":[{"href":"http:\/\/mspontocom.com.br\/site\/wp-json\/wp\/v2\/types\/post"}],"author":[{"embeddable":true,"href":"http:\/\/mspontocom.com.br\/site\/wp-json\/wp\/v2\/users\/2"}],"replies":[{"embeddable":true,"href":"http:\/\/mspontocom.com.br\/site\/wp-json\/wp\/v2\/comments?post=207709"}],"version-history":[{"count":2,"href":"http:\/\/mspontocom.com.br\/site\/wp-json\/wp\/v2\/posts\/207709\/revisions"}],"predecessor-version":[{"id":207712,"href":"http:\/\/mspontocom.com.br\/site\/wp-json\/wp\/v2\/posts\/207709\/revisions\/207712"}],"wp:featuredmedia":[{"embeddable":true,"href":"http:\/\/mspontocom.com.br\/site\/wp-json\/wp\/v2\/media\/207711"}],"wp:attachment":[{"href":"http:\/\/mspontocom.com.br\/site\/wp-json\/wp\/v2\/media?parent=207709"}],"wp:term":[{"taxonomy":"category","embeddable":true,"href":"http:\/\/mspontocom.com.br\/site\/wp-json\/wp\/v2\/categories?post=207709"},{"taxonomy":"post_tag","embeddable":true,"href":"http:\/\/mspontocom.com.br\/site\/wp-json\/wp\/v2\/tags?post=207709"}],"curies":[{"name":"wp","href":"https:\/\/api.w.org\/{rel}","templated":true}]}}