{"id":208783,"date":"2026-04-28T05:02:24","date_gmt":"2026-04-28T09:02:24","guid":{"rendered":"https:\/\/mspontocom.com.br\/site\/?p=208783"},"modified":"2026-04-28T08:10:14","modified_gmt":"2026-04-28T12:10:14","slug":"grupo-abre-450-vagas-exclusivas-para-pessoas-com-mais-de-50-anos-em-ms","status":"publish","type":"post","link":"https:\/\/mspontocom.com.br\/site\/grupo-abre-450-vagas-exclusivas-para-pessoas-com-mais-de-50-anos-em-ms\/","title":{"rendered":"Grupo abre 450 vagas exclusivas para pessoas com mais de 50 anos em MS"},"content":{"rendered":"<p style=\"text-align: justify;\"><img loading=\"lazy\" class=\"alignnone size-full wp-image-208784\" src=\"http:\/\/mspontocom.com.br\/site\/wp-content\/uploads\/2026\/04\/site-grupo-pereira-abre-450-vagas-para-contratacao-exclusiva-de-pessoas-com-mais-de-50-anos-em-ms-grupo-pereira.jpg\" alt=\"\" width=\"1024\" height=\"683\" srcset=\"https:\/\/mspontocom.com.br\/site\/wp-content\/uploads\/2026\/04\/site-grupo-pereira-abre-450-vagas-para-contratacao-exclusiva-de-pessoas-com-mais-de-50-anos-em-ms-grupo-pereira.jpg 1024w, https:\/\/mspontocom.com.br\/site\/wp-content\/uploads\/2026\/04\/site-grupo-pereira-abre-450-vagas-para-contratacao-exclusiva-de-pessoas-com-mais-de-50-anos-em-ms-grupo-pereira-260x173.jpg 260w, https:\/\/mspontocom.com.br\/site\/wp-content\/uploads\/2026\/04\/site-grupo-pereira-abre-450-vagas-para-contratacao-exclusiva-de-pessoas-com-mais-de-50-anos-em-ms-grupo-pereira-768x512.jpg 768w\" sizes=\"(max-width: 1024px) 100vw, 1024px\" \/>Pelo quarto ano consecutivo, o Grupo Pereira, s\u00e9timo maior varejista do pa\u00eds, promove uma semana exclusiva para contrata\u00e7\u00e3o de pessoas 50+.<\/p>\n<p style=\"text-align: justify;\">A iniciativa busca ampliar a inclus\u00e3o destes profissionais no mercado de trabalho.<\/p>\n<p style=\"text-align: justify;\">A empresa tem duas mil vagas dispon\u00edveis, sendo 450 delas destinadas ao Mato Grosso do Sul.<\/p>\n<p style=\"text-align: justify;\">As oportunidades s\u00e3o para cargos em \u00e1reas operacionais e administrativas.<\/p>\n<p style=\"text-align: justify;\">Os interessados devem comparecer \u00e0 Central de Vagas do Grupo Pereira, na Rua Brilhante, n\u00ba 1880, bairro Vila Bandeirantes, em Campo Grande, de segunda a sexta-feira, das 7h \u00e0s 19h, ou a uma das lojas Fort Atacadista e Supermercados Comper entre os dias 27 de abril e 2 de maio, das 9h \u00e0s 12h ou das 13h \u00e0s 17h, levando documentos pessoais e curr\u00edculo.<\/p>\n<p style=\"text-align: justify;\">As vagas tamb\u00e9m est\u00e3o dispon\u00edveis no site oficial:\u00a0<a href=\"http:\/\/grpereira.com.br\/trabalhe-conosco\" target=\"_blank\" rel=\"noopener\" data-saferedirecturl=\"https:\/\/www.google.com\/url?q=http:\/\/grpereira.com.br\/trabalhe-conosco&amp;source=gmail&amp;ust=1777464095602000&amp;usg=AOvVaw2XRKe4JPycEORdSO9zNmW9\"><strong>grpereira.com.br\/trabalhe-<wbr \/>conosco<\/strong><\/a>.<\/p>\n<p style=\"text-align: justify;\"><span style=\"font-size: 18pt;\"><strong>Benef\u00edcios para os colaboradores:<\/strong><\/span><\/p>\n<p style=\"text-align: justify;\"><span style=\"font-size: 12pt;\">Al\u00e9m de oportunidade de recoloca\u00e7\u00e3o, os con<\/span>tratados ter\u00e3o acesso a um pacote completo de benef\u00edcios, que inclui:<\/p>\n<ul style=\"text-align: justify;\">\n<li>Seguro de vida<\/li>\n<li>Vale-transporte<\/li>\n<li>Alimenta\u00e7\u00e3o na empresa (caf\u00e9 da manh\u00e3, almo\u00e7o ou jantar)<\/li>\n<li>Conv\u00eanio com o Sesc e empresas parceiras nas \u00e1reas de lazer, educa\u00e7\u00e3o e sa\u00fade<\/li>\n<li>Descontos no Vuon Card (cart\u00e3o de cr\u00e9dito exclusivo para compras nas empresas do Grupo)<\/li>\n<li>Plano odontol\u00f3gico<\/li>\n<li>Programa Acolhe GP (suporte social gratuito com atendimento especializado)<\/li>\n<li>Universidade Corporativa<\/li>\n<li>Kit nascimento<\/li>\n<\/ul>\n<p style=\"text-align: justify;\">\n<p style=\"text-align: justify;\"><strong>Servi\u00e7o:<\/strong><br \/>\n<strong>Semana Nacional de Contrata\u00e7\u00e3o 50+<\/strong><br \/>\nPer\u00edodo de inscri\u00e7\u00e3o: de 27 de abril a 2 de maio<br \/>\nDocumentos necess\u00e1rios: levar documentos pessoais e curr\u00edculo para se candidatar \u00e0s vagas.<br \/>\nLocais:<\/p>\n<ul style=\"text-align: justify;\">\n<li>Central de Vagas do Grupo Pereira \u2013 Rua Brilhante, n\u00ba 1880, bairro Vila Bandeirantes, Campo Grande, de segunda a sexta-feira, das 7h \u00e0s 19h<\/li>\n<li>Lojas Fort Atacadista e Supermercados Comper, das 9h \u00e0s 12h e das 13h \u00e0s 17h<\/li>\n<\/ul>\n<p style=\"text-align: justify;\">Inscri\u00e7\u00e3o online: dispon\u00edvel em\u00a0<a href=\"http:\/\/grpereira.com.br\/trabalhe-conosco\" target=\"_blank\" rel=\"noopener\" data-saferedirecturl=\"https:\/\/www.google.com\/url?q=http:\/\/grpereira.com.br\/trabalhe-conosco&amp;source=gmail&amp;ust=1777464095602000&amp;usg=AOvVaw2XRKe4JPycEORdSO9zNmW9\">grpereira.com.br\/trabalhe-<wbr \/>conosco<\/a><\/p>\n<p style=\"text-align: justify;\"><span style=\"color: #444444;\"><span style=\"font-family: Ubuntu, Helvetica, Arial, sans-serif;\"><span style=\"font-size: large;\"><i><b>Continue em nossa companhia em:<\/b><\/i><\/span><\/span><\/span><span style=\"color: #444444;\"><span style=\"font-family: Montserrat;\"><span style=\"font-size: medium;\">\u00a0<\/span><\/span><\/span><a href=\"http:\/\/www.mspontocom.com.br\/\"><span style=\"color: #0000ff;\"><span style=\"font-family: Comic Sans MS, cursive;\"><span style=\"font-size: medium;\"><u>www.mspontocom.com.br<\/u><\/span><\/span><\/span><\/a><\/p>\n","protected":false},"excerpt":{"rendered":"<p>Pelo quarto ano consecutivo, o Grupo Pereira, s\u00e9timo maior varejista do pa\u00eds, promove uma semana exclusiva para contrata\u00e7\u00e3o de pessoas 50+. A iniciativa busca ampliar a inclus\u00e3o destes profissionais no mercado de trabalho. A empresa tem duas mil vagas dispon\u00edveis, sendo 450 delas destinadas ao Mato Grosso do Sul. As oportunidades s\u00e3o para cargos em [&hellip;]<\/p>\n","protected":false},"author":2,"featured_media":208784,"comment_status":"open","ping_status":"open","sticky":false,"template":"","format":"standard","meta":{"_monsterinsights_skip_tracking":false,"_monsterinsights_sitenote_active":false,"_monsterinsights_sitenote_note":"","_monsterinsights_sitenote_category":0},"categories":[4328,28176],"tags":[44560,7083,29270,21382,33444,81,697],"aioseo_notices":[],"_links":{"self":[{"href":"https:\/\/mspontocom.com.br\/site\/wp-json\/wp\/v2\/posts\/208783"}],"collection":[{"href":"https:\/\/mspontocom.com.br\/site\/wp-json\/wp\/v2\/posts"}],"about":[{"href":"https:\/\/mspontocom.com.br\/site\/wp-json\/wp\/v2\/types\/post"}],"author":[{"embeddable":true,"href":"https:\/\/mspontocom.com.br\/site\/wp-json\/wp\/v2\/users\/2"}],"replies":[{"embeddable":true,"href":"https:\/\/mspontocom.com.br\/site\/wp-json\/wp\/v2\/comments?post=208783"}],"version-history":[{"count":1,"href":"https:\/\/mspontocom.com.br\/site\/wp-json\/wp\/v2\/posts\/208783\/revisions"}],"predecessor-version":[{"id":208785,"href":"https:\/\/mspontocom.com.br\/site\/wp-json\/wp\/v2\/posts\/208783\/revisions\/208785"}],"wp:featuredmedia":[{"embeddable":true,"href":"https:\/\/mspontocom.com.br\/site\/wp-json\/wp\/v2\/media\/208784"}],"wp:attachment":[{"href":"https:\/\/mspontocom.com.br\/site\/wp-json\/wp\/v2\/media?parent=208783"}],"wp:term":[{"taxonomy":"category","embeddable":true,"href":"https:\/\/mspontocom.com.br\/site\/wp-json\/wp\/v2\/categories?post=208783"},{"taxonomy":"post_tag","embeddable":true,"href":"https:\/\/mspontocom.com.br\/site\/wp-json\/wp\/v2\/tags?post=208783"}],"curies":[{"name":"wp","href":"https:\/\/api.w.org\/{rel}","templated":true}]}}