{"id":208806,"date":"2026-04-29T06:39:22","date_gmt":"2026-04-29T10:39:22","guid":{"rendered":"https:\/\/mspontocom.com.br\/site\/?p=208806"},"modified":"2026-04-29T06:39:22","modified_gmt":"2026-04-29T10:39:22","slug":"zema-diz-que-gilmar-parece-personagem-de-a-praca-e-nossa","status":"publish","type":"post","link":"https:\/\/mspontocom.com.br\/site\/zema-diz-que-gilmar-parece-personagem-de-a-praca-e-nossa\/","title":{"rendered":"Zema diz que Gilmar parece personagem de \u201cA Pra\u00e7a \u00e9 Nossa\u201d"},"content":{"rendered":"<p style=\"text-align: justify;\"><img loading=\"lazy\" class=\"alignnone size-large wp-image-208807\" src=\"http:\/\/mspontocom.com.br\/site\/wp-content\/uploads\/2026\/04\/site-zema-diz-que-gilmar-parece-personagem-de-a-praca-e-nossa-gilmar1-e1777459011197-1024x618.png\" alt=\"\" width=\"1024\" height=\"618\" srcset=\"https:\/\/mspontocom.com.br\/site\/wp-content\/uploads\/2026\/04\/site-zema-diz-que-gilmar-parece-personagem-de-a-praca-e-nossa-gilmar1-e1777459011197-1024x618.png 1024w, https:\/\/mspontocom.com.br\/site\/wp-content\/uploads\/2026\/04\/site-zema-diz-que-gilmar-parece-personagem-de-a-praca-e-nossa-gilmar1-e1777459011197-260x157.png 260w, https:\/\/mspontocom.com.br\/site\/wp-content\/uploads\/2026\/04\/site-zema-diz-que-gilmar-parece-personagem-de-a-praca-e-nossa-gilmar1-e1777459011197-768x464.png 768w, https:\/\/mspontocom.com.br\/site\/wp-content\/uploads\/2026\/04\/site-zema-diz-que-gilmar-parece-personagem-de-a-praca-e-nossa-gilmar1-e1777459011197.png 1419w\" sizes=\"(max-width: 1024px) 100vw, 1024px\" \/>O ex-governador de Minas Gerais e pr\u00e9-candidato \u00e0 Presid\u00eancia da Rep\u00fablica, Romeu Zema publicou em seu perfil oficial no X o trecho de uma entrevista concedida \u00e0 R\u00e1dio Cultura de Catal\u00e3o em que cita o personagem Deputado Jo\u00e3o Plen\u00e1rio, do programa de humor<strong> \u201cA Pra\u00e7a \u00e9 Nossa\u201d<\/strong>, transmitido pelo SBT.<\/p>\n<p style=\"text-align: justify;\">Durante o programa, o apresentador diz que n\u00e3o consegue entender direito o que o decano diz.<\/p>\n<p style=\"text-align: justify;\">\u00c9 poss\u00edvel ouvir ent\u00e3o uma voz afirmando que ele lembra o personagem do humor\u00edstico.<\/p>\n<blockquote><p><em>\u201c\u00c9 verdade. Como que chamava o ator l\u00e1, o Saulo Laranjeira [ \u2026] voc\u00ea lembrou muito bem, ele fala bem semelhante\u201d, respondeu Zema.<\/em><\/p><\/blockquote>\n<p style=\"text-align: justify;\">Zema e Gilmar t\u00eam trocado farpas nas \u00faltimas semanas.<\/p>\n<p style=\"text-align: justify;\">O ministro do Supremo j\u00e1 desdenhou da forma como o ex-governador fala.<\/p>\n<p style=\"text-align: justify;\">Disse que era algo parecido com o portugu\u00eas.<\/p>\n<p style=\"text-align: justify;\">Zema tem respondido com uma s\u00e9rie produzida com ajuda de intelig\u00eancia artificial chamada <strong>\u201cOs Intoc\u00e1veis\u201d.<\/strong><\/p>\n<p style=\"text-align: justify;\">No \u00faltimo epis\u00f3dio, ele ironizou o ministro, Alexandre de Moraes e os voos em jatinhos ligados a Daniel Vorcaro, fundador do Banco Master.<\/p>\n<p style=\"text-align: justify;\"><span style=\"color: #444444;\"><span style=\"font-family: Ubuntu, Helvetica, Arial, sans-serif;\"><span style=\"font-size: large;\"><i><b>Continue em nossa companhia em:<\/b><\/i><\/span><\/span><\/span><span style=\"color: #444444;\"><span style=\"font-family: Montserrat;\"><span style=\"font-size: medium;\">\u00a0<\/span><\/span><\/span><a href=\"http:\/\/www.mspontocom.com.br\/\"><span style=\"color: #0000ff;\"><span style=\"font-family: Comic Sans MS, cursive;\"><span style=\"font-size: medium;\"><u>www.mspontocom.com.br<\/u><\/span><\/span><\/span><\/a><\/p>\n","protected":false},"excerpt":{"rendered":"<p>O ex-governador de Minas Gerais e pr\u00e9-candidato \u00e0 Presid\u00eancia da Rep\u00fablica, Romeu Zema publicou em seu perfil oficial no X o trecho de uma entrevista concedida \u00e0 R\u00e1dio Cultura de Catal\u00e3o em que cita o personagem Deputado Jo\u00e3o Plen\u00e1rio, do programa de humor \u201cA Pra\u00e7a \u00e9 Nossa\u201d, transmitido pelo SBT. Durante o programa, o apresentador [&hellip;]<\/p>\n","protected":false},"author":2,"featured_media":208807,"comment_status":"open","ping_status":"open","sticky":false,"template":"","format":"standard","meta":{"_monsterinsights_skip_tracking":false,"_monsterinsights_sitenote_active":false,"_monsterinsights_sitenote_note":"","_monsterinsights_sitenote_category":0},"categories":[6,30260,30259,12],"tags":[44564,35644,44563,26834,35003],"aioseo_notices":[],"_links":{"self":[{"href":"https:\/\/mspontocom.com.br\/site\/wp-json\/wp\/v2\/posts\/208806"}],"collection":[{"href":"https:\/\/mspontocom.com.br\/site\/wp-json\/wp\/v2\/posts"}],"about":[{"href":"https:\/\/mspontocom.com.br\/site\/wp-json\/wp\/v2\/types\/post"}],"author":[{"embeddable":true,"href":"https:\/\/mspontocom.com.br\/site\/wp-json\/wp\/v2\/users\/2"}],"replies":[{"embeddable":true,"href":"https:\/\/mspontocom.com.br\/site\/wp-json\/wp\/v2\/comments?post=208806"}],"version-history":[{"count":1,"href":"https:\/\/mspontocom.com.br\/site\/wp-json\/wp\/v2\/posts\/208806\/revisions"}],"predecessor-version":[{"id":208808,"href":"https:\/\/mspontocom.com.br\/site\/wp-json\/wp\/v2\/posts\/208806\/revisions\/208808"}],"wp:featuredmedia":[{"embeddable":true,"href":"https:\/\/mspontocom.com.br\/site\/wp-json\/wp\/v2\/media\/208807"}],"wp:attachment":[{"href":"https:\/\/mspontocom.com.br\/site\/wp-json\/wp\/v2\/media?parent=208806"}],"wp:term":[{"taxonomy":"category","embeddable":true,"href":"https:\/\/mspontocom.com.br\/site\/wp-json\/wp\/v2\/categories?post=208806"},{"taxonomy":"post_tag","embeddable":true,"href":"https:\/\/mspontocom.com.br\/site\/wp-json\/wp\/v2\/tags?post=208806"}],"curies":[{"name":"wp","href":"https:\/\/api.w.org\/{rel}","templated":true}]}}