{"id":208815,"date":"2026-04-29T08:34:14","date_gmt":"2026-04-29T12:34:14","guid":{"rendered":"https:\/\/mspontocom.com.br\/site\/?p=208815"},"modified":"2026-04-29T08:34:14","modified_gmt":"2026-04-29T12:34:14","slug":"fiesp-oferece-dados-do-comercio-brasil-ue-acesso-gratuito","status":"publish","type":"post","link":"https:\/\/mspontocom.com.br\/site\/fiesp-oferece-dados-do-comercio-brasil-ue-acesso-gratuito\/","title":{"rendered":"FIESP oferece dados do com\u00e9rcio Brasil-UE. Acesso gratuito"},"content":{"rendered":"<table border=\"0\" width=\"100%\" cellspacing=\"0\" cellpadding=\"0\">\n<tbody>\n<tr>\n<td><strong><img loading=\"lazy\" class=\"alignnone size-large wp-image-208827\" src=\"http:\/\/mspontocom.com.br\/site\/wp-content\/uploads\/2026\/04\/site-fiesp-oferece-dados-estrategicos-do-comercio-brasil-ue-acesso-gratuito-fiesp2-e1777465863178-1024x647.jpg\" alt=\"\" width=\"1024\" height=\"647\" srcset=\"https:\/\/mspontocom.com.br\/site\/wp-content\/uploads\/2026\/04\/site-fiesp-oferece-dados-estrategicos-do-comercio-brasil-ue-acesso-gratuito-fiesp2-e1777465863178-1024x647.jpg 1024w, https:\/\/mspontocom.com.br\/site\/wp-content\/uploads\/2026\/04\/site-fiesp-oferece-dados-estrategicos-do-comercio-brasil-ue-acesso-gratuito-fiesp2-e1777465863178-260x164.jpg 260w, https:\/\/mspontocom.com.br\/site\/wp-content\/uploads\/2026\/04\/site-fiesp-oferece-dados-estrategicos-do-comercio-brasil-ue-acesso-gratuito-fiesp2-e1777465863178-768x485.jpg 768w, https:\/\/mspontocom.com.br\/site\/wp-content\/uploads\/2026\/04\/site-fiesp-oferece-dados-estrategicos-do-comercio-brasil-ue-acesso-gratuito-fiesp2-e1777465863178.jpg 1345w\" sizes=\"(max-width: 1024px) 100vw, 1024px\" \/>Acesse de forma r\u00e1pida, interativa, gratuita, e sem necessidade de cadastro,<\/strong> as principais oportunidades geradas pelo Acordo Brasil-Uni\u00e3o Europeia, que cria a maior zona de livre com\u00e9rcio do mundo e entra em vigor a partir de maio de 2026.<\/td>\n<\/tr>\n<\/tbody>\n<\/table>\n<table border=\"0\" width=\"100%\" cellspacing=\"0\" cellpadding=\"0\">\n<tbody>\n<tr>\n<td><strong>CONHE\u00c7A O CONTE\u00daDO DE CADA EIXO DO PAINEL:\u00a0<\/strong><\/p>\n<p><strong>VIS\u00c3O GERAL DO COM\u00c9RCIO<\/strong><br \/>\nDados do com\u00e9rcio bilateral, como fluxo total, lista de principais produtos exportados e importados e principais destinos e origens por unidades da Federa\u00e7\u00e3o brasileira e por Estado-membro da UE.<\/p>\n<p><strong>IMPORTAR DA UE<\/strong><br \/>\nInforma\u00e7\u00f5es sobre os cronogramas de abertura comercial do Brasil para os produtos importados origin\u00e1rios da Uni\u00e3o Europeia.<\/p>\n<p><strong>EXPORTAR PARA A UE<\/strong><br \/>\nDetalhes sobre os cronogramas de abertura comercial da UE para os produtos importados origin\u00e1rios do Brasil.<\/td>\n<\/tr>\n<\/tbody>\n<\/table>\n<table border=\"0\" width=\"100%\" cellspacing=\"0\" cellpadding=\"0\">\n<tbody>\n<tr>\n<td align=\"left\">\n<table class=\"m_7967250038630788613ak-button\" border=\"0\" cellspacing=\"0\" cellpadding=\"0\" align=\"left\">\n<tbody>\n<tr>\n<td align=\"center\" valign=\"middle\"><a title=\"Assista aqui o tutorial!\" href=\"http:\/\/emkt.fiesp.ind.br\/emkt\/tracer\/?2,8802016,6941154f,35ed,1\" target=\"_blank\" rel=\"noopener\" data-saferedirecturl=\"https:\/\/www.google.com\/url?q=http:\/\/emkt.fiesp.ind.br\/emkt\/tracer\/?2,8802016,6941154f,35ed,1&amp;source=gmail&amp;ust=1777549748386000&amp;usg=AOvVaw3HpqGfGmX3LpSOGrUyqOTi\"><b>ACESSE O PAINEL<\/b><\/a><\/td>\n<\/tr>\n<\/tbody>\n<\/table>\n<\/td>\n<\/tr>\n<\/tbody>\n<\/table>\n<table border=\"0\" width=\"100%\" cellspacing=\"0\" cellpadding=\"0\">\n<tbody>\n<tr>\n<td><strong>D\u00favidas<\/strong><br \/>\nDepartamento de Com\u00e9rcio Exterior<br \/>\n<em><a href=\"mailto:derex@fiesp.com.br\" target=\"_blank\" rel=\"noopener\"><u>derex@fiesp.com.br\u00a0<\/u><\/a><\/em><\/td>\n<\/tr>\n<\/tbody>\n<\/table>\n","protected":false},"excerpt":{"rendered":"<p>Acesse de forma r\u00e1pida, interativa, gratuita, e sem necessidade de cadastro, as principais oportunidades geradas pelo Acordo Brasil-Uni\u00e3o Europeia, que cria a maior zona de livre com\u00e9rcio do mundo e entra em vigor a partir de maio de 2026. CONHE\u00c7A O CONTE\u00daDO DE CADA EIXO DO PAINEL:\u00a0 VIS\u00c3O GERAL DO COM\u00c9RCIO Dados do com\u00e9rcio bilateral, [&hellip;]<\/p>\n","protected":false},"author":2,"featured_media":208827,"comment_status":"open","ping_status":"open","sticky":false,"template":"","format":"standard","meta":{"_monsterinsights_skip_tracking":false,"_monsterinsights_sitenote_active":false,"_monsterinsights_sitenote_note":"","_monsterinsights_sitenote_category":0},"categories":[15],"tags":[44568,919,4230,44274,11460],"aioseo_notices":[],"_links":{"self":[{"href":"https:\/\/mspontocom.com.br\/site\/wp-json\/wp\/v2\/posts\/208815"}],"collection":[{"href":"https:\/\/mspontocom.com.br\/site\/wp-json\/wp\/v2\/posts"}],"about":[{"href":"https:\/\/mspontocom.com.br\/site\/wp-json\/wp\/v2\/types\/post"}],"author":[{"embeddable":true,"href":"https:\/\/mspontocom.com.br\/site\/wp-json\/wp\/v2\/users\/2"}],"replies":[{"embeddable":true,"href":"https:\/\/mspontocom.com.br\/site\/wp-json\/wp\/v2\/comments?post=208815"}],"version-history":[{"count":3,"href":"https:\/\/mspontocom.com.br\/site\/wp-json\/wp\/v2\/posts\/208815\/revisions"}],"predecessor-version":[{"id":208829,"href":"https:\/\/mspontocom.com.br\/site\/wp-json\/wp\/v2\/posts\/208815\/revisions\/208829"}],"wp:featuredmedia":[{"embeddable":true,"href":"https:\/\/mspontocom.com.br\/site\/wp-json\/wp\/v2\/media\/208827"}],"wp:attachment":[{"href":"https:\/\/mspontocom.com.br\/site\/wp-json\/wp\/v2\/media?parent=208815"}],"wp:term":[{"taxonomy":"category","embeddable":true,"href":"https:\/\/mspontocom.com.br\/site\/wp-json\/wp\/v2\/categories?post=208815"},{"taxonomy":"post_tag","embeddable":true,"href":"https:\/\/mspontocom.com.br\/site\/wp-json\/wp\/v2\/tags?post=208815"}],"curies":[{"name":"wp","href":"https:\/\/api.w.org\/{rel}","templated":true}]}}