{"id":208832,"date":"2026-04-30T06:11:02","date_gmt":"2026-04-30T10:11:02","guid":{"rendered":"https:\/\/mspontocom.com.br\/site\/?p=208832"},"modified":"2026-04-30T06:11:02","modified_gmt":"2026-04-30T10:11:02","slug":"faz-o-l-proprio-governo-admite-rombo-nas-contas-publicas","status":"publish","type":"post","link":"https:\/\/mspontocom.com.br\/site\/faz-o-l-proprio-governo-admite-rombo-nas-contas-publicas\/","title":{"rendered":"Faz o L: Pr\u00f3prio governo admite rombo nas contas p\u00fablicas"},"content":{"rendered":"<div id=\"tp-post-content\">\n<p class=\"postParagraph_post-paragraph__juWZN postParagraph_post-paragraph-innerHtml__Q5vwc\" style=\"text-align: justify;\"><img loading=\"lazy\" class=\"alignnone size-large wp-image-208843\" src=\"http:\/\/mspontocom.com.br\/site\/wp-content\/uploads\/2026\/04\/site-proprio-governo-admite-rombo-nas-contas-publicas-lula-ibovespa-1024x576.jpg\" alt=\"\" width=\"1024\" height=\"576\" srcset=\"https:\/\/mspontocom.com.br\/site\/wp-content\/uploads\/2026\/04\/site-proprio-governo-admite-rombo-nas-contas-publicas-lula-ibovespa-1024x576.jpg 1024w, https:\/\/mspontocom.com.br\/site\/wp-content\/uploads\/2026\/04\/site-proprio-governo-admite-rombo-nas-contas-publicas-lula-ibovespa-260x146.jpg 260w, https:\/\/mspontocom.com.br\/site\/wp-content\/uploads\/2026\/04\/site-proprio-governo-admite-rombo-nas-contas-publicas-lula-ibovespa-768x432.jpg 768w, https:\/\/mspontocom.com.br\/site\/wp-content\/uploads\/2026\/04\/site-proprio-governo-admite-rombo-nas-contas-publicas-lula-ibovespa.jpg 1200w\" sizes=\"(max-width: 1024px) 100vw, 1024px\" \/>A ex-ministra do Planejamento do governo Lula, Simone Tebet (PSB-SP), fez um alerta sobre as contas do governo.<\/p>\n<p class=\"postParagraph_post-paragraph__juWZN postParagraph_post-paragraph-innerHtml__Q5vwc\" style=\"text-align: justify;\">Para ela, o ajuste fiscal \u00e9 uma necessidade urgente para controlar o rombo nas contas p\u00fablicas:<\/p>\n<p class=\"postParagraph_post-paragraph__juWZN postParagraph_post-paragraph-innerHtml__Q5vwc\" style=\"text-align: justify;\"><strong> \u201cA \u00e1gua bateu no nariz\u201d.<\/strong><\/p>\n<p class=\"postParagraph_post-paragraph__juWZN postParagraph_post-paragraph-innerHtml__Q5vwc\" style=\"text-align: justify;\">\u201cOu se faz o (ajuste) fiscal, ou se faz o (ajuste) fiscal\u201d, disse a ministra em entrevista exclusiva ao programa\u00a0<em>Amarelas On Air<\/em>, da revista\u00a0<em>Veja<\/em>.<\/p>\n<p class=\"postParagraph_post-paragraph__juWZN postParagraph_post-paragraph-innerHtml__Q5vwc\" style=\"text-align: justify;\">Anteriormente, em mar\u00e7o de 2025, quando ainda era ministra, Tebet havia declarado que o ajuste fiscal poderia ficar para 2027.<\/p>\n<p class=\"postParagraph_post-paragraph__juWZN postParagraph_post-paragraph-innerHtml__Q5vwc\" style=\"text-align: justify;\">Agora, a \u201creceita\u201d defendida por ela envolve garantir o crescimento econ\u00f4mico para aumentar a arrecada\u00e7\u00e3o sem a eleva\u00e7\u00e3o de impostos.<\/p>\n<p class=\"postParagraph_post-paragraph__juWZN postParagraph_post-paragraph-innerHtml__Q5vwc\" style=\"text-align: justify;\">Dentro da regra fiscal vigente, para ela, o governo deveria gastar, no m\u00e1ximo, 70% do aumento da receita, destinando o restante para o pagamento da d\u00edvida, disse a pr\u00e9-candidata ao Senado.<\/p>\n<p class=\"postParagraph_post-paragraph__juWZN postParagraph_post-paragraph-innerHtml__Q5vwc\" style=\"text-align: justify;\">Simone Tebet defende que uma das medidas centrais para o equil\u00edbrio \u00e9 a revis\u00e3o das ren\u00fancias fiscais, que somam cerca de R$ 600 bilh\u00f5es por ano.<\/p>\n<p class=\"postParagraph_post-paragraph__juWZN postParagraph_post-paragraph-innerHtml__Q5vwc\" style=\"text-align: justify;\">Ela prop\u00f5e cortar cerca de 10% ao ano desses benef\u00edcios concedidos a grupos que n\u00e3o mais justificam tal aux\u00edlio, o que geraria uma economia crescente para o Estado.<\/p>\n<p class=\"postParagraph_post-paragraph__juWZN postParagraph_post-paragraph-innerHtml__Q5vwc\" style=\"text-align: justify;\">\n<p style=\"text-align: justify;\"><span style=\"color: #444444;\"><span style=\"font-family: Ubuntu, Helvetica, Arial, sans-serif;\"><span style=\"font-size: large;\"><i><b>Continue em nossa companhia em:<\/b><\/i><\/span><\/span><\/span><span style=\"color: #444444;\"><span style=\"font-family: Montserrat;\"><span style=\"font-size: medium;\">\u00a0<\/span><\/span><\/span><a href=\"http:\/\/www.mspontocom.com.br\/\"><span style=\"color: #0000ff;\"><span style=\"font-family: Comic Sans MS, cursive;\"><span style=\"font-size: medium;\"><u>www.mspontocom.com.br<\/u><\/span><\/span><\/span><\/a><\/p>\n<\/div>\n<p style=\"text-align: justify;\">\n","protected":false},"excerpt":{"rendered":"<p>A ex-ministra do Planejamento do governo Lula, Simone Tebet (PSB-SP), fez um alerta sobre as contas do governo. Para ela, o ajuste fiscal \u00e9 uma necessidade urgente para controlar o rombo nas contas p\u00fablicas: \u201cA \u00e1gua bateu no nariz\u201d. \u201cOu se faz o (ajuste) fiscal, ou se faz o (ajuste) fiscal\u201d, disse a ministra em [&hellip;]<\/p>\n","protected":false},"author":2,"featured_media":208843,"comment_status":"open","ping_status":"open","sticky":false,"template":"","format":"standard","meta":{"_monsterinsights_skip_tracking":false,"_monsterinsights_sitenote_active":false,"_monsterinsights_sitenote_note":"","_monsterinsights_sitenote_category":0},"categories":[6,30260,15,30259,12],"tags":[24183,14806,38862,78,24531],"aioseo_notices":[],"_links":{"self":[{"href":"https:\/\/mspontocom.com.br\/site\/wp-json\/wp\/v2\/posts\/208832"}],"collection":[{"href":"https:\/\/mspontocom.com.br\/site\/wp-json\/wp\/v2\/posts"}],"about":[{"href":"https:\/\/mspontocom.com.br\/site\/wp-json\/wp\/v2\/types\/post"}],"author":[{"embeddable":true,"href":"https:\/\/mspontocom.com.br\/site\/wp-json\/wp\/v2\/users\/2"}],"replies":[{"embeddable":true,"href":"https:\/\/mspontocom.com.br\/site\/wp-json\/wp\/v2\/comments?post=208832"}],"version-history":[{"count":2,"href":"https:\/\/mspontocom.com.br\/site\/wp-json\/wp\/v2\/posts\/208832\/revisions"}],"predecessor-version":[{"id":208844,"href":"https:\/\/mspontocom.com.br\/site\/wp-json\/wp\/v2\/posts\/208832\/revisions\/208844"}],"wp:featuredmedia":[{"embeddable":true,"href":"https:\/\/mspontocom.com.br\/site\/wp-json\/wp\/v2\/media\/208843"}],"wp:attachment":[{"href":"https:\/\/mspontocom.com.br\/site\/wp-json\/wp\/v2\/media?parent=208832"}],"wp:term":[{"taxonomy":"category","embeddable":true,"href":"https:\/\/mspontocom.com.br\/site\/wp-json\/wp\/v2\/categories?post=208832"},{"taxonomy":"post_tag","embeddable":true,"href":"https:\/\/mspontocom.com.br\/site\/wp-json\/wp\/v2\/tags?post=208832"}],"curies":[{"name":"wp","href":"https:\/\/api.w.org\/{rel}","templated":true}]}}