{"id":208834,"date":"2026-04-30T06:04:30","date_gmt":"2026-04-30T10:04:30","guid":{"rendered":"https:\/\/mspontocom.com.br\/site\/?p=208834"},"modified":"2026-04-30T06:04:30","modified_gmt":"2026-04-30T10:04:30","slug":"tchau-querido-vaga-no-stf-ficara-para-o-proximo-presidente","status":"publish","type":"post","link":"https:\/\/mspontocom.com.br\/site\/tchau-querido-vaga-no-stf-ficara-para-o-proximo-presidente\/","title":{"rendered":"Tchau Querido: vaga no STF ficar\u00e1 para o pr\u00f3ximo presidente"},"content":{"rendered":"<p style=\"text-align: justify;\"><img loading=\"lazy\" class=\"alignnone size-full wp-image-208841\" src=\"http:\/\/mspontocom.com.br\/site\/wp-content\/uploads\/2026\/04\/site-tchau-querido-vaga-no-stf-ficara-para-o-proximo-presidente-lula-vencido.jpg\" alt=\"\" width=\"780\" height=\"470\" srcset=\"https:\/\/mspontocom.com.br\/site\/wp-content\/uploads\/2026\/04\/site-tchau-querido-vaga-no-stf-ficara-para-o-proximo-presidente-lula-vencido.jpg 780w, https:\/\/mspontocom.com.br\/site\/wp-content\/uploads\/2026\/04\/site-tchau-querido-vaga-no-stf-ficara-para-o-proximo-presidente-lula-vencido-260x157.jpg 260w, https:\/\/mspontocom.com.br\/site\/wp-content\/uploads\/2026\/04\/site-tchau-querido-vaga-no-stf-ficara-para-o-proximo-presidente-lula-vencido-768x463.jpg 768w\" sizes=\"(max-width: 780px) 100vw, 780px\" \/>O presidente do Senado Federal, <strong>Davi Alcolumbre<\/strong>, sinalizou \u00e0 oposi\u00e7\u00e3o que a indica\u00e7\u00e3o ao pr\u00f3ximo ministro do STF dever\u00e1 ficar a cargo do presidente eleito em outubro.<\/p>\n<p style=\"text-align: justify;\">Alcolumbre n\u00e3o pretende pautar um novo nome indicado pelo presidente Lula.<\/p>\n<p style=\"text-align: justify;\">A decis\u00e3o ocorre ap\u00f3s o plen\u00e1rio da Casa rejeitar a indica\u00e7\u00e3o\u00a0do advogado-geral da Uni\u00e3o, Jorge Messias.<\/p>\n<p style=\"text-align: justify;\">Com a negativa da indica\u00e7\u00e3o, cresce a possibilidade de o pr\u00f3ximo presidente da Rep\u00fablica indicar at\u00e9 quatro dos 11 ministros do STF.<\/p>\n<p style=\"text-align: justify;\">At\u00e9 2030, devem se aposentar compulsoriamente os ministros Luiz Fux, C\u00e1rmen L\u00facia e Gilmar Mendes.<\/p>\n<p style=\"text-align: justify;\"><span style=\"color: #444444;\"><span style=\"font-family: Ubuntu, Helvetica, Arial, sans-serif;\"><span style=\"font-size: large;\"><i><b>Continue em nossa companhia em:<\/b><\/i><\/span><\/span><\/span><span style=\"color: #444444;\"><span style=\"font-family: Montserrat;\"><span style=\"font-size: medium;\">\u00a0<\/span><\/span><\/span><a href=\"http:\/\/www.mspontocom.com.br\/\"><span style=\"color: #0000ff;\"><span style=\"font-family: Comic Sans MS, cursive;\"><span style=\"font-size: medium;\"><u>www.mspontocom.com.br<\/u><\/span><\/span><\/span><\/a><\/p>\n","protected":false},"excerpt":{"rendered":"<p>O presidente do Senado Federal, Davi Alcolumbre, sinalizou \u00e0 oposi\u00e7\u00e3o que a indica\u00e7\u00e3o ao pr\u00f3ximo ministro do STF dever\u00e1 ficar a cargo do presidente eleito em outubro. Alcolumbre n\u00e3o pretende pautar um novo nome indicado pelo presidente Lula. A decis\u00e3o ocorre ap\u00f3s o plen\u00e1rio da Casa rejeitar a indica\u00e7\u00e3o\u00a0do advogado-geral da Uni\u00e3o, Jorge Messias. Com [&hellip;]<\/p>\n","protected":false},"author":2,"featured_media":208841,"comment_status":"open","ping_status":"open","sticky":false,"template":"","format":"standard","meta":{"_monsterinsights_skip_tracking":false,"_monsterinsights_sitenote_active":false,"_monsterinsights_sitenote_note":"","_monsterinsights_sitenote_category":0},"categories":[6,30260,2528,30259,12],"tags":[25787,583,30727,3014,44571,7117],"aioseo_notices":[],"_links":{"self":[{"href":"https:\/\/mspontocom.com.br\/site\/wp-json\/wp\/v2\/posts\/208834"}],"collection":[{"href":"https:\/\/mspontocom.com.br\/site\/wp-json\/wp\/v2\/posts"}],"about":[{"href":"https:\/\/mspontocom.com.br\/site\/wp-json\/wp\/v2\/types\/post"}],"author":[{"embeddable":true,"href":"https:\/\/mspontocom.com.br\/site\/wp-json\/wp\/v2\/users\/2"}],"replies":[{"embeddable":true,"href":"https:\/\/mspontocom.com.br\/site\/wp-json\/wp\/v2\/comments?post=208834"}],"version-history":[{"count":2,"href":"https:\/\/mspontocom.com.br\/site\/wp-json\/wp\/v2\/posts\/208834\/revisions"}],"predecessor-version":[{"id":208842,"href":"https:\/\/mspontocom.com.br\/site\/wp-json\/wp\/v2\/posts\/208834\/revisions\/208842"}],"wp:featuredmedia":[{"embeddable":true,"href":"https:\/\/mspontocom.com.br\/site\/wp-json\/wp\/v2\/media\/208841"}],"wp:attachment":[{"href":"https:\/\/mspontocom.com.br\/site\/wp-json\/wp\/v2\/media?parent=208834"}],"wp:term":[{"taxonomy":"category","embeddable":true,"href":"https:\/\/mspontocom.com.br\/site\/wp-json\/wp\/v2\/categories?post=208834"},{"taxonomy":"post_tag","embeddable":true,"href":"https:\/\/mspontocom.com.br\/site\/wp-json\/wp\/v2\/tags?post=208834"}],"curies":[{"name":"wp","href":"https:\/\/api.w.org\/{rel}","templated":true}]}}