{"id":208836,"date":"2026-04-30T05:41:52","date_gmt":"2026-04-30T09:41:52","guid":{"rendered":"https:\/\/mspontocom.com.br\/site\/?p=208836"},"modified":"2026-04-30T05:43:42","modified_gmt":"2026-04-30T09:43:42","slug":"moro-sobre-rejeicaomessias-queremos-stf-independente-de-lula","status":"publish","type":"post","link":"https:\/\/mspontocom.com.br\/site\/moro-sobre-rejeicaomessias-queremos-stf-independente-de-lula\/","title":{"rendered":"Moro sobre rejei\u00e7\u00e3o de Messias: \u201cQueremos STF independente de Lula\u201d"},"content":{"rendered":"<p style=\"text-align: justify;\"><img loading=\"lazy\" class=\"alignnone size-full wp-image-208837\" src=\"http:\/\/mspontocom.com.br\/site\/wp-content\/uploads\/2026\/04\/site-moro-sobre-rejeicao-de-messias-queremos-stf-independente-de-lula-moro-preside.jpg\" alt=\"\" width=\"768\" height=\"512\" srcset=\"https:\/\/mspontocom.com.br\/site\/wp-content\/uploads\/2026\/04\/site-moro-sobre-rejeicao-de-messias-queremos-stf-independente-de-lula-moro-preside.jpg 768w, https:\/\/mspontocom.com.br\/site\/wp-content\/uploads\/2026\/04\/site-moro-sobre-rejeicao-de-messias-queremos-stf-independente-de-lula-moro-preside-260x173.jpg 260w\" sizes=\"(max-width: 768px) 100vw, 768px\" \/>O senador Sergio Moro comentou a rejei\u00e7\u00e3o, pelo Senado Federal da indica\u00e7\u00e3o de Jorge Messias, ao STF.<\/p>\n<blockquote><p><span style=\"font-size: 14pt;\"><em>\u201cVit\u00f3ria hist\u00f3rica no Senado e da popula\u00e7\u00e3o brasileira.\u00a0 Jorge Messias foi rejeitado. <strong>Queremos um STF independente de Lula<\/strong> e do Poder Executivo, vinculado apenas \u00e0 lei e \u00e0 Constitui\u00e7\u00e3o\u201d, publicou o senador.<\/em><\/span><\/p><\/blockquote>\n<p style=\"text-align: justify;\">Messias havia sido indicado pelo presidente Lula para ocupar a cadeira deixada pelo ministro Lu\u00eds Roberto Barroso, que se aposentou em outubro de 2025.<\/p>\n<p style=\"text-align: justify;\">A indica\u00e7\u00e3o, no entanto, foi rejeitada pelo plen\u00e1rio do Senado, por um placar de 42 votos contr\u00e1rios e 34 a favor.<\/p>\n<blockquote><p><span style=\"font-size: 14pt;\"><em>\u201cAs contradi\u00e7\u00f5es ficaram evidentes hoje na sabatina e a resposta foi dada pelos representantes do povo no Senado, uma data hist\u00f3rica. Respeitamos o ministro como pessoa, mas essa foi uma vit\u00f3ria da popula\u00e7\u00e3o brasileira\u201d, disse Moro.<\/em><\/span><\/p><\/blockquote>\n<p style=\"text-align: justify;\">A rejei\u00e7\u00e3o marca uma derrota in\u00e9dita para o governo Lula.<\/p>\n<p style=\"text-align: justify;\"><span style=\"color: #444444;\"><span style=\"font-family: Ubuntu, Helvetica, Arial, sans-serif;\"><span style=\"font-size: large;\"><i><b>Continue em nossa companhia em:<\/b><\/i><\/span><\/span><\/span><span style=\"color: #444444;\"><span style=\"font-family: Montserrat;\"><span style=\"font-size: medium;\">\u00a0<\/span><\/span><\/span><a href=\"http:\/\/www.mspontocom.com.br\/\"><span style=\"color: #0000ff;\"><span style=\"font-family: Comic Sans MS, cursive;\"><span style=\"font-size: medium;\"><u>www.mspontocom.com.br<\/u><\/span><\/span><\/span><\/a><\/p>\n","protected":false},"excerpt":{"rendered":"<p>O senador Sergio Moro comentou a rejei\u00e7\u00e3o, pelo Senado Federal da indica\u00e7\u00e3o de Jorge Messias, ao STF. \u201cVit\u00f3ria hist\u00f3rica no Senado e da popula\u00e7\u00e3o brasileira.\u00a0 Jorge Messias foi rejeitado. Queremos um STF independente de Lula e do Poder Executivo, vinculado apenas \u00e0 lei e \u00e0 Constitui\u00e7\u00e3o\u201d, publicou o senador. Messias havia sido indicado pelo presidente [&hellip;]<\/p>\n","protected":false},"author":2,"featured_media":208837,"comment_status":"open","ping_status":"open","sticky":false,"template":"","format":"standard","meta":{"_monsterinsights_skip_tracking":false,"_monsterinsights_sitenote_active":false,"_monsterinsights_sitenote_note":"","_monsterinsights_sitenote_category":0},"categories":[2528,12],"tags":[44569,41715,23158,3722],"aioseo_notices":[],"_links":{"self":[{"href":"https:\/\/mspontocom.com.br\/site\/wp-json\/wp\/v2\/posts\/208836"}],"collection":[{"href":"https:\/\/mspontocom.com.br\/site\/wp-json\/wp\/v2\/posts"}],"about":[{"href":"https:\/\/mspontocom.com.br\/site\/wp-json\/wp\/v2\/types\/post"}],"author":[{"embeddable":true,"href":"https:\/\/mspontocom.com.br\/site\/wp-json\/wp\/v2\/users\/2"}],"replies":[{"embeddable":true,"href":"https:\/\/mspontocom.com.br\/site\/wp-json\/wp\/v2\/comments?post=208836"}],"version-history":[{"count":1,"href":"https:\/\/mspontocom.com.br\/site\/wp-json\/wp\/v2\/posts\/208836\/revisions"}],"predecessor-version":[{"id":208838,"href":"https:\/\/mspontocom.com.br\/site\/wp-json\/wp\/v2\/posts\/208836\/revisions\/208838"}],"wp:featuredmedia":[{"embeddable":true,"href":"https:\/\/mspontocom.com.br\/site\/wp-json\/wp\/v2\/media\/208837"}],"wp:attachment":[{"href":"https:\/\/mspontocom.com.br\/site\/wp-json\/wp\/v2\/media?parent=208836"}],"wp:term":[{"taxonomy":"category","embeddable":true,"href":"https:\/\/mspontocom.com.br\/site\/wp-json\/wp\/v2\/categories?post=208836"},{"taxonomy":"post_tag","embeddable":true,"href":"https:\/\/mspontocom.com.br\/site\/wp-json\/wp\/v2\/tags?post=208836"}],"curies":[{"name":"wp","href":"https:\/\/api.w.org\/{rel}","templated":true}]}}