{"id":208865,"date":"2026-05-01T06:09:04","date_gmt":"2026-05-01T10:09:04","guid":{"rendered":"https:\/\/mspontocom.com.br\/site\/?p=208865"},"modified":"2026-05-01T06:09:04","modified_gmt":"2026-05-01T10:09:04","slug":"monark-questiona-eleicoes-2022-e-moraes-quer-punicao","status":"publish","type":"post","link":"https:\/\/mspontocom.com.br\/site\/monark-questiona-eleicoes-2022-e-moraes-quer-punicao\/","title":{"rendered":"Monark questiona elei\u00e7\u00f5es 2022 e Moraes quer puni\u00e7\u00e3o"},"content":{"rendered":"<p style=\"text-align: justify;\"><img loading=\"lazy\" class=\"alignnone size-full wp-image-208872\" src=\"http:\/\/mspontocom.com.br\/site\/wp-content\/uploads\/2026\/05\/site-monark-questiona-eleicoes-2022-moraes-pede-para-pgr-opinar-monark.jpg\" alt=\"\" width=\"300\" height=\"168\" srcset=\"https:\/\/mspontocom.com.br\/site\/wp-content\/uploads\/2026\/05\/site-monark-questiona-eleicoes-2022-moraes-pede-para-pgr-opinar-monark.jpg 300w, https:\/\/mspontocom.com.br\/site\/wp-content\/uploads\/2026\/05\/site-monark-questiona-eleicoes-2022-moraes-pede-para-pgr-opinar-monark-260x146.jpg 260w\" sizes=\"(max-width: 300px) 100vw, 300px\" \/><\/p>\n<p style=\"text-align: justify;\">O ministro Alexandre de\u00a0<strong>Moraes<\/strong>, do STF determinou um prazo de\u00a015 dias para que a Procuradoria-Geral da Rep\u00fablica se manifeste sobre o parecer elaborado pela Pol\u00edcia federal envolvendo o influenciador Monark.<\/p>\n<h2 id=\"h-o-que-diz-o-relatorio-da-pf\" class=\"wp-block-heading\" style=\"text-align: justify;\">O que diz o relat\u00f3rio da PF<\/h2>\n<p style=\"text-align: justify;\">De acordo com o documento produzido pela\u00a0PF,\u00a0Monark\u00a0<strong>teria colocado em d\u00favida a legitimidade do processo eleitoral brasileiro.<\/strong><\/p>\n<p style=\"text-align: justify;\">O relat\u00f3rio foi encaminhado ao STF e agora aguarda a an\u00e1lise da\u00a0PGR, que ter\u00e1 duas semanas para emitir sua opini\u00e3o sobre o caso.<\/p>\n<h2 id=\"h-proximos-passos-do-processo\" class=\"wp-block-heading\" style=\"text-align: justify;\">Pr\u00f3ximos passos do processo<\/h2>\n<p style=\"text-align: justify;\">A decis\u00e3o de\u00a0Moraes\u00a0segue o rito processual padr\u00e3o, no qual a\u00a0Procuradoria-Geral da Rep\u00fablica atua como fiscal da lei e pode opinar pelo arquivamento ou pelo prosseguimento de eventuais medidas contra o influenciador.<\/p>\n<p style=\"text-align: justify;\"><span style=\"color: #444444;\"><span style=\"font-family: Ubuntu, Helvetica, Arial, sans-serif;\"><span style=\"font-size: large;\"><i><b>Continue em nossa companhia em:<\/b><\/i><\/span><\/span><\/span><span style=\"color: #444444;\"><span style=\"font-family: Montserrat;\"><span style=\"font-size: medium;\">\u00a0<\/span><\/span><\/span><a href=\"http:\/\/www.mspontocom.com.br\/\"><span style=\"color: #0000ff;\"><span style=\"font-family: Comic Sans MS, cursive;\"><span style=\"font-size: medium;\"><u>www.mspontocom.com.br<\/u><\/span><\/span><\/span><\/a><\/p>\n","protected":false},"excerpt":{"rendered":"<p>O ministro Alexandre de\u00a0Moraes, do STF determinou um prazo de\u00a015 dias para que a Procuradoria-Geral da Rep\u00fablica se manifeste sobre o parecer elaborado pela Pol\u00edcia federal envolvendo o influenciador Monark. O que diz o relat\u00f3rio da PF De acordo com o documento produzido pela\u00a0PF,\u00a0Monark\u00a0teria colocado em d\u00favida a legitimidade do processo eleitoral brasileiro. O relat\u00f3rio [&hellip;]<\/p>\n","protected":false},"author":2,"featured_media":208872,"comment_status":"open","ping_status":"open","sticky":false,"template":"","format":"standard","meta":{"_monsterinsights_skip_tracking":false,"_monsterinsights_sitenote_active":false,"_monsterinsights_sitenote_note":"","_monsterinsights_sitenote_category":0},"categories":[6,30260,30259,12],"tags":[34832,39714,35247,28511,28109],"aioseo_notices":[],"_links":{"self":[{"href":"https:\/\/mspontocom.com.br\/site\/wp-json\/wp\/v2\/posts\/208865"}],"collection":[{"href":"https:\/\/mspontocom.com.br\/site\/wp-json\/wp\/v2\/posts"}],"about":[{"href":"https:\/\/mspontocom.com.br\/site\/wp-json\/wp\/v2\/types\/post"}],"author":[{"embeddable":true,"href":"https:\/\/mspontocom.com.br\/site\/wp-json\/wp\/v2\/users\/2"}],"replies":[{"embeddable":true,"href":"https:\/\/mspontocom.com.br\/site\/wp-json\/wp\/v2\/comments?post=208865"}],"version-history":[{"count":2,"href":"https:\/\/mspontocom.com.br\/site\/wp-json\/wp\/v2\/posts\/208865\/revisions"}],"predecessor-version":[{"id":208873,"href":"https:\/\/mspontocom.com.br\/site\/wp-json\/wp\/v2\/posts\/208865\/revisions\/208873"}],"wp:featuredmedia":[{"embeddable":true,"href":"https:\/\/mspontocom.com.br\/site\/wp-json\/wp\/v2\/media\/208872"}],"wp:attachment":[{"href":"https:\/\/mspontocom.com.br\/site\/wp-json\/wp\/v2\/media?parent=208865"}],"wp:term":[{"taxonomy":"category","embeddable":true,"href":"https:\/\/mspontocom.com.br\/site\/wp-json\/wp\/v2\/categories?post=208865"},{"taxonomy":"post_tag","embeddable":true,"href":"https:\/\/mspontocom.com.br\/site\/wp-json\/wp\/v2\/tags?post=208865"}],"curies":[{"name":"wp","href":"https:\/\/api.w.org\/{rel}","templated":true}]}}