{"id":208867,"date":"2026-05-01T06:41:07","date_gmt":"2026-05-01T10:41:07","guid":{"rendered":"https:\/\/mspontocom.com.br\/site\/?p=208867"},"modified":"2026-05-01T06:41:07","modified_gmt":"2026-05-01T10:41:07","slug":"imprensa-internacional-repercute-fim-da-era-lula","status":"publish","type":"post","link":"https:\/\/mspontocom.com.br\/site\/imprensa-internacional-repercute-fim-da-era-lula\/","title":{"rendered":"Imprensa internacional repercute fim da era Lula"},"content":{"rendered":"<p style=\"text-align: justify;\"><img loading=\"lazy\" class=\"alignnone size-large wp-image-208874\" src=\"http:\/\/mspontocom.com.br\/site\/wp-content\/uploads\/2026\/05\/site-imprensa-internacional-repercute-fim-da-era-lula-midia-1024x683.png\" alt=\"\" width=\"1024\" height=\"683\" srcset=\"https:\/\/mspontocom.com.br\/site\/wp-content\/uploads\/2026\/05\/site-imprensa-internacional-repercute-fim-da-era-lula-midia-1024x683.png 1024w, https:\/\/mspontocom.com.br\/site\/wp-content\/uploads\/2026\/05\/site-imprensa-internacional-repercute-fim-da-era-lula-midia-260x173.png 260w, https:\/\/mspontocom.com.br\/site\/wp-content\/uploads\/2026\/05\/site-imprensa-internacional-repercute-fim-da-era-lula-midia-768x512.png 768w, https:\/\/mspontocom.com.br\/site\/wp-content\/uploads\/2026\/05\/site-imprensa-internacional-repercute-fim-da-era-lula-midia.png 1536w\" sizes=\"(max-width: 1024px) 100vw, 1024px\" \/>O Congresso derrubou o veto do presidente <strong>Luiz In\u00e1cio Lula da Silva<\/strong>\u00a0ao projeto que reduz as penas dos condenados pelos atos de 8 de janeiro de 2023 \u2014 medida que beneficia diretamente o ex-presidente Jair Bolsonaro, cuja pena de 27 anos foi diminu\u00edda.<\/p>\n<h2 id=\"h-leitura-externa-governo-sem-apoio-parlamentar\" class=\"wp-block-heading\" style=\"text-align: justify;\">Leitura externa: governo sem apoio parlamentar<\/h2>\n<p style=\"text-align: justify;\">Para o jornal argentino<strong>\u00a0<em>La Naci\u00f3n<\/em><\/strong>, a sequ\u00eancia de reveses exp\u00f5e uma crise de governabilidade.<\/p>\n<blockquote><p><em>\u201cA oposi\u00e7\u00e3o, liderada por figuras do movimento de Bolsonaro, interpreta esses resultados como prova de que o governo carece de governabilidade e respeito do Congresso Nacional\u201d<\/em>, escreveu o ve\u00edculo.<\/p><\/blockquote>\n<p style=\"text-align: justify;\">O espanhol\u00a0<strong><em>El Pa\u00eds<\/em>\u00a0<\/strong>foi na mesma dire\u00e7\u00e3o ao afirmar que a dupla derrota evidencia<\/p>\n<blockquote><p><em>\u201cO quanto a j\u00e1 fr\u00e1gil rela\u00e7\u00e3o de Lula com o Congresso se deteriorou\u201d<\/em>, acrescentando que a\u00a0<em>\u201cmargem confort\u00e1vel\u201d<\/em>\u00a0dos votos contr\u00e1rios ao veto\u00a0<em>\u201cconfirma o estado extremamente prec\u00e1rio das rela\u00e7\u00f5es entre o governo e o Congresso de maioria conservadora, a poucos meses das elei\u00e7\u00f5es\u201d<\/em>.<\/p><\/blockquote>\n<h2 id=\"h-eleicoes-em-xeque-e-disputa-no-stf\" class=\"wp-block-heading\" style=\"text-align: justify;\">Elei\u00e7\u00f5es em xeque e disputa no STF<\/h2>\n<p style=\"text-align: justify;\">O americano<strong>\u00a0<em>Washington Post<\/em><\/strong>\u00a0destacou que a derrubada do veto pode ser contestada no Supremo Tribunal Federal e que a decis\u00e3o do Congresso poderia potencialmente\u00a0<em>\u201cvirar de cabe\u00e7a para baixo\u201d<\/em>\u00a0as elei\u00e7\u00f5es de outubro.<\/p>\n<p style=\"text-align: justify;\">O jornal brit\u00e2nico\u00a0<strong><em>The Guardian<\/em>,<\/strong> por sua vez, lembrou que Lula\u00a0<em>\u201cnas pesquisas parece praticamente empatado com o filho de Bolsonaro\u201d<\/em>\u00a0e que as derrotas\u00a0<em>\u201cest\u00e3o sendo amplamente interpretadas no Brasil como mais uma prova\u201d<\/em>\u00a0de que o presidente\u00a0<em>\u201cenfrentar\u00e1 uma elei\u00e7\u00e3o dif\u00edcil\u201d<\/em>.<\/p>\n<p style=\"text-align: justify;\"><span style=\"color: #444444;\"><span style=\"font-family: Ubuntu, Helvetica, Arial, sans-serif;\"><span style=\"font-size: large;\"><i><b>Continue em nossa companhia em:<\/b><\/i><\/span><\/span><\/span><span style=\"color: #444444;\"><span style=\"font-family: Montserrat;\"><span style=\"font-size: medium;\">\u00a0<\/span><\/span><\/span><a href=\"http:\/\/www.mspontocom.com.br\/\"><span style=\"color: #0000ff;\"><span style=\"font-family: Comic Sans MS, cursive;\"><span style=\"font-size: medium;\"><u>www.mspontocom.com.br<\/u><\/span><\/span><\/span><\/a><\/p>\n","protected":false},"excerpt":{"rendered":"<p>O Congresso derrubou o veto do presidente Luiz In\u00e1cio Lula da Silva\u00a0ao projeto que reduz as penas dos condenados pelos atos de 8 de janeiro de 2023 \u2014 medida que beneficia diretamente o ex-presidente Jair Bolsonaro, cuja pena de 27 anos foi diminu\u00edda. Leitura externa: governo sem apoio parlamentar Para o jornal argentino\u00a0La Naci\u00f3n, a [&hellip;]<\/p>\n","protected":false},"author":2,"featured_media":208874,"comment_status":"open","ping_status":"open","sticky":false,"template":"","format":"standard","meta":{"_monsterinsights_skip_tracking":false,"_monsterinsights_sitenote_active":false,"_monsterinsights_sitenote_note":"","_monsterinsights_sitenote_category":0},"categories":[30260,1,7,30259,12],"tags":[28453,24196,31379,480,43533],"aioseo_notices":[],"_links":{"self":[{"href":"https:\/\/mspontocom.com.br\/site\/wp-json\/wp\/v2\/posts\/208867"}],"collection":[{"href":"https:\/\/mspontocom.com.br\/site\/wp-json\/wp\/v2\/posts"}],"about":[{"href":"https:\/\/mspontocom.com.br\/site\/wp-json\/wp\/v2\/types\/post"}],"author":[{"embeddable":true,"href":"https:\/\/mspontocom.com.br\/site\/wp-json\/wp\/v2\/users\/2"}],"replies":[{"embeddable":true,"href":"https:\/\/mspontocom.com.br\/site\/wp-json\/wp\/v2\/comments?post=208867"}],"version-history":[{"count":2,"href":"https:\/\/mspontocom.com.br\/site\/wp-json\/wp\/v2\/posts\/208867\/revisions"}],"predecessor-version":[{"id":208875,"href":"https:\/\/mspontocom.com.br\/site\/wp-json\/wp\/v2\/posts\/208867\/revisions\/208875"}],"wp:featuredmedia":[{"embeddable":true,"href":"https:\/\/mspontocom.com.br\/site\/wp-json\/wp\/v2\/media\/208874"}],"wp:attachment":[{"href":"https:\/\/mspontocom.com.br\/site\/wp-json\/wp\/v2\/media?parent=208867"}],"wp:term":[{"taxonomy":"category","embeddable":true,"href":"https:\/\/mspontocom.com.br\/site\/wp-json\/wp\/v2\/categories?post=208867"},{"taxonomy":"post_tag","embeddable":true,"href":"https:\/\/mspontocom.com.br\/site\/wp-json\/wp\/v2\/tags?post=208867"}],"curies":[{"name":"wp","href":"https:\/\/api.w.org\/{rel}","templated":true}]}}