{"id":208876,"date":"2026-05-01T06:53:00","date_gmt":"2026-05-01T10:53:00","guid":{"rendered":"https:\/\/mspontocom.com.br\/site\/?p=208876"},"modified":"2026-05-01T06:53:00","modified_gmt":"2026-05-01T10:53:00","slug":"infotec-brasil-esta-com-mais-de-100-vagas-em-home-office","status":"publish","type":"post","link":"http:\/\/mspontocom.com.br\/site\/infotec-brasil-esta-com-mais-de-100-vagas-em-home-office\/","title":{"rendered":"Infotec Brasil est\u00e1 com mais de 100 vagas em home office"},"content":{"rendered":"<p style=\"text-align: justify;\"><img loading=\"lazy\" class=\"alignnone size-full wp-image-208877\" src=\"http:\/\/mspontocom.com.br\/site\/wp-content\/uploads\/2026\/05\/site-infotec-brasil-esta-com-mais-de-100-vagas-em-home-office-infotec.jpg\" alt=\"\" width=\"200\" height=\"200\" srcset=\"http:\/\/mspontocom.com.br\/site\/wp-content\/uploads\/2026\/05\/site-infotec-brasil-esta-com-mais-de-100-vagas-em-home-office-infotec.jpg 200w, http:\/\/mspontocom.com.br\/site\/wp-content\/uploads\/2026\/05\/site-infotec-brasil-esta-com-mais-de-100-vagas-em-home-office-infotec-150x150.jpg 150w\" sizes=\"(max-width: 200px) 100vw, 200px\" \/><\/p>\n<p style=\"text-align: justify;\">A Infotec Brasil est\u00e1 com mais de 100 vagas remotas <strong>(home office)<\/strong> para Engenheiro Projetista e Desenhista Projetista para o setor de \u00d3leo e G\u00e1s (refinarias).<\/p>\n<p style=\"text-align: justify;\">As oportunidades s\u00e3o para contrata\u00e7\u00e3o imediata.<\/p>\n<p style=\"text-align: justify;\">A primeira fase do processo seletivo \u00e9 a inscri\u00e7\u00e3o pelo site da Infotec Brasil (<a href=\"https:\/\/www.infotecbrasil.com.br\/carreiras\/?utm_source=tv-portais&amp;utm_medium=materia&amp;utm_id=releases-duda\" target=\"_blank\" rel=\"noopener\" data-saferedirecturl=\"https:\/\/www.google.com\/url?q=https:\/\/www.infotecbrasil.com.br\/carreiras\/?utm_source%3Dtv-portais%26utm_medium%3Dmateria%26utm_id%3Dreleases-duda&amp;source=gmail&amp;ust=1777718763984000&amp;usg=AOvVaw1L0gtzrW6dE3JlLBBzNX-r\">https:\/\/www.infotecbrasil.<wbr \/>com.br\/carreiras\/?utm_source=<wbr \/>tv-portais&amp;utm_medium=materia&amp;<wbr \/>utm_id=releases-duda<\/a>\u00a0), onde podem ser verificados os requisitos necess\u00e1rios. Em seguida, ser\u00e3o realizados testes e entrevistas.<\/p>\n<p dir=\"ltr\" style=\"text-align: justify;\"><strong>Sobre a Infotec Brasil<\/strong><\/p>\n<p dir=\"ltr\" style=\"text-align: justify;\">Fundada em 1985, no Rio de Janeiro, a Infotec Brasil atua conectando pessoas, processos e inova\u00e7\u00e3o para impulsionar neg\u00f3cios.<\/p>\n<p dir=\"ltr\" style=\"text-align: justify;\">A companhia conta com mais de 4.100 colaboradores e mais de 1.000 engenheiros em campo, prestando servi\u00e7os para grandes organiza\u00e7\u00f5es em setores de alta complexidade.<\/p>\n<p dir=\"ltr\" style=\"text-align: justify;\">Possui as rigorosas certifica\u00e7\u00f5es ISO 9001, 14001 e 45001.<\/p>\n<p dir=\"ltr\" style=\"text-align: justify;\">Outras informa\u00e7\u00f5es:\u00a0<a href=\"http:\/\/www.infotecbrasil.com.br\/\" target=\"_blank\" rel=\"noopener\" data-saferedirecturl=\"https:\/\/www.google.com\/url?q=http:\/\/www.infotecbrasil.com.br\/&amp;source=gmail&amp;ust=1777718763984000&amp;usg=AOvVaw1QRY1bc7uMd2VYN7sFuvok\">www.infotecbrasil<wbr \/>.com.br<\/a><\/p>\n<p><span style=\"color: #444444;\"><span style=\"font-family: Ubuntu, Helvetica, Arial, sans-serif;\"><span style=\"font-size: large;\"><i><b>Continue em nossa companhia em:<\/b><\/i><\/span><\/span><\/span><span style=\"color: #444444;\"><span style=\"font-family: Montserrat;\"><span style=\"font-size: medium;\">\u00a0<\/span><\/span><\/span><a href=\"http:\/\/www.mspontocom.com.br\/\"><span style=\"color: #0000ff;\"><span style=\"font-family: Comic Sans MS, cursive;\"><span style=\"font-size: medium;\"><u>www.mspontocom.com.br<\/u><\/span><\/span><\/span><\/a><\/p>\n","protected":false},"excerpt":{"rendered":"<p>A Infotec Brasil est\u00e1 com mais de 100 vagas remotas (home office) para Engenheiro Projetista e Desenhista Projetista para o setor de \u00d3leo e G\u00e1s (refinarias). As oportunidades s\u00e3o para contrata\u00e7\u00e3o imediata. A primeira fase do processo seletivo \u00e9 a inscri\u00e7\u00e3o pelo site da Infotec Brasil (https:\/\/www.infotecbrasil.com.br\/carreiras\/?utm_source=tv-portais&amp;utm_medium=materia&amp;utm_id=releases-duda\u00a0), onde podem ser verificados os requisitos necess\u00e1rios. Em [&hellip;]<\/p>\n","protected":false},"author":2,"featured_media":208877,"comment_status":"open","ping_status":"open","sticky":false,"template":"","format":"standard","meta":{"_monsterinsights_skip_tracking":false,"_monsterinsights_sitenote_active":false,"_monsterinsights_sitenote_note":"","_monsterinsights_sitenote_category":0},"categories":[28176],"tags":[35070,44575,347],"aioseo_notices":[],"_links":{"self":[{"href":"http:\/\/mspontocom.com.br\/site\/wp-json\/wp\/v2\/posts\/208876"}],"collection":[{"href":"http:\/\/mspontocom.com.br\/site\/wp-json\/wp\/v2\/posts"}],"about":[{"href":"http:\/\/mspontocom.com.br\/site\/wp-json\/wp\/v2\/types\/post"}],"author":[{"embeddable":true,"href":"http:\/\/mspontocom.com.br\/site\/wp-json\/wp\/v2\/users\/2"}],"replies":[{"embeddable":true,"href":"http:\/\/mspontocom.com.br\/site\/wp-json\/wp\/v2\/comments?post=208876"}],"version-history":[{"count":1,"href":"http:\/\/mspontocom.com.br\/site\/wp-json\/wp\/v2\/posts\/208876\/revisions"}],"predecessor-version":[{"id":208878,"href":"http:\/\/mspontocom.com.br\/site\/wp-json\/wp\/v2\/posts\/208876\/revisions\/208878"}],"wp:featuredmedia":[{"embeddable":true,"href":"http:\/\/mspontocom.com.br\/site\/wp-json\/wp\/v2\/media\/208877"}],"wp:attachment":[{"href":"http:\/\/mspontocom.com.br\/site\/wp-json\/wp\/v2\/media?parent=208876"}],"wp:term":[{"taxonomy":"category","embeddable":true,"href":"http:\/\/mspontocom.com.br\/site\/wp-json\/wp\/v2\/categories?post=208876"},{"taxonomy":"post_tag","embeddable":true,"href":"http:\/\/mspontocom.com.br\/site\/wp-json\/wp\/v2\/tags?post=208876"}],"curies":[{"name":"wp","href":"https:\/\/api.w.org\/{rel}","templated":true}]}}