{"id":208879,"date":"2026-05-01T07:05:11","date_gmt":"2026-05-01T11:05:11","guid":{"rendered":"https:\/\/mspontocom.com.br\/site\/?p=208879"},"modified":"2026-05-01T07:05:11","modified_gmt":"2026-05-01T11:05:11","slug":"sesc-realiza-feira-de-negocios-do-sesc-60-em-campo-grande","status":"publish","type":"post","link":"https:\/\/mspontocom.com.br\/site\/sesc-realiza-feira-de-negocios-do-sesc-60-em-campo-grande\/","title":{"rendered":"Sesc realiza Feira de Neg\u00f3cios do Sesc 60+ em Campo Grande"},"content":{"rendered":"<p style=\"text-align: justify;\"><img loading=\"lazy\" class=\"alignnone size-full wp-image-208881\" src=\"http:\/\/mspontocom.com.br\/site\/wp-content\/uploads\/2026\/05\/site-sesc-realiza-feira-de-negocios-do-sesc-60-em-campo-grande-sesc-1.png\" alt=\"\" width=\"1024\" height=\"576\" srcset=\"https:\/\/mspontocom.com.br\/site\/wp-content\/uploads\/2026\/05\/site-sesc-realiza-feira-de-negocios-do-sesc-60-em-campo-grande-sesc-1.png 1024w, https:\/\/mspontocom.com.br\/site\/wp-content\/uploads\/2026\/05\/site-sesc-realiza-feira-de-negocios-do-sesc-60-em-campo-grande-sesc-1-260x146.png 260w, https:\/\/mspontocom.com.br\/site\/wp-content\/uploads\/2026\/05\/site-sesc-realiza-feira-de-negocios-do-sesc-60-em-campo-grande-sesc-1-768x432.png 768w\" sizes=\"(max-width: 1024px) 100vw, 1024px\" \/>O Sesc Camillo Boni promove, no dia 5 de maio, das 11h \u00e0s 20h, a Feira de Neg\u00f3cios do Sesc 60+, na Sala de Jogos da unidade.<\/p>\n<p style=\"text-align: justify;\">O evento tem entrada gratuita e \u00e9 aberto ao p\u00fablico.<\/p>\n<p>A feira re\u00fane empreendedores participantes do <strong>programa Sesc 60+<\/strong>, com exposi\u00e7\u00e3o e comercializa\u00e7\u00e3o de produtos artesanais de diferentes segmentos, como tapetes, croch\u00ea, cer\u00e2mica, caf\u00e9, biscoitos, semijoias, mel e derivados.<\/p>\n<p>Com tem\u00e1tica voltada ao Dia das M\u00e3es, a programa\u00e7\u00e3o inclui o sorteio de duas cestas de produtos entre os participantes ao longo do evento.<\/p>\n<p>A iniciativa busca incentivar a gera\u00e7\u00e3o de renda, promover a troca de experi\u00eancias entre os participantes e ampliar a visibilidade da produ\u00e7\u00e3o local.<\/p>\n<p style=\"text-align: justify;\"><span style=\"color: #444444;\"><span style=\"font-family: Ubuntu, Helvetica, Arial, sans-serif;\"><span style=\"font-size: large;\"><i><b>Continue em nossa companhia em:<\/b><\/i><\/span><\/span><\/span><span style=\"color: #444444;\"><span style=\"font-family: Montserrat;\"><span style=\"font-size: medium;\">\u00a0<\/span><\/span><\/span><a href=\"http:\/\/www.mspontocom.com.br\/\"><span style=\"color: #0000ff;\"><span style=\"font-family: Comic Sans MS, cursive;\"><span style=\"font-size: medium;\"><u>www.mspontocom.com.br<\/u><\/span><\/span><\/span><\/a><\/p>\n","protected":false},"excerpt":{"rendered":"<p>O Sesc Camillo Boni promove, no dia 5 de maio, das 11h \u00e0s 20h, a Feira de Neg\u00f3cios do Sesc 60+, na Sala de Jogos da unidade. O evento tem entrada gratuita e \u00e9 aberto ao p\u00fablico. A feira re\u00fane empreendedores participantes do programa Sesc 60+, com exposi\u00e7\u00e3o e comercializa\u00e7\u00e3o de produtos artesanais de diferentes [&hellip;]<\/p>\n","protected":false},"author":2,"featured_media":208881,"comment_status":"open","ping_status":"open","sticky":false,"template":"","format":"standard","meta":{"_monsterinsights_skip_tracking":false,"_monsterinsights_sitenote_active":false,"_monsterinsights_sitenote_note":"","_monsterinsights_sitenote_category":0},"categories":[4328,15],"tags":[123,18112,11824,44469],"aioseo_notices":[],"_links":{"self":[{"href":"https:\/\/mspontocom.com.br\/site\/wp-json\/wp\/v2\/posts\/208879"}],"collection":[{"href":"https:\/\/mspontocom.com.br\/site\/wp-json\/wp\/v2\/posts"}],"about":[{"href":"https:\/\/mspontocom.com.br\/site\/wp-json\/wp\/v2\/types\/post"}],"author":[{"embeddable":true,"href":"https:\/\/mspontocom.com.br\/site\/wp-json\/wp\/v2\/users\/2"}],"replies":[{"embeddable":true,"href":"https:\/\/mspontocom.com.br\/site\/wp-json\/wp\/v2\/comments?post=208879"}],"version-history":[{"count":1,"href":"https:\/\/mspontocom.com.br\/site\/wp-json\/wp\/v2\/posts\/208879\/revisions"}],"predecessor-version":[{"id":208882,"href":"https:\/\/mspontocom.com.br\/site\/wp-json\/wp\/v2\/posts\/208879\/revisions\/208882"}],"wp:featuredmedia":[{"embeddable":true,"href":"https:\/\/mspontocom.com.br\/site\/wp-json\/wp\/v2\/media\/208881"}],"wp:attachment":[{"href":"https:\/\/mspontocom.com.br\/site\/wp-json\/wp\/v2\/media?parent=208879"}],"wp:term":[{"taxonomy":"category","embeddable":true,"href":"https:\/\/mspontocom.com.br\/site\/wp-json\/wp\/v2\/categories?post=208879"},{"taxonomy":"post_tag","embeddable":true,"href":"https:\/\/mspontocom.com.br\/site\/wp-json\/wp\/v2\/tags?post=208879"}],"curies":[{"name":"wp","href":"https:\/\/api.w.org\/{rel}","templated":true}]}}