{"id":39336,"date":"2012-10-28T17:36:31","date_gmt":"2012-10-28T20:36:31","guid":{"rendered":"https:\/\/mspontocom.com.br\/site\/?p=39336"},"modified":"2012-10-29T06:57:04","modified_gmt":"2012-10-29T09:57:04","slug":"primeira-mao-alcides-bernal-e-novo-prefeito-de-campo-grande","status":"publish","type":"post","link":"http:\/\/mspontocom.com.br\/site\/primeira-mao-alcides-bernal-e-novo-prefeito-de-campo-grande\/","title":{"rendered":"Elei\u00e7\u00f5es 2012: Alcides Bernal \u00e9 o novo prefeito de Campo Grande"},"content":{"rendered":"<p style=\"text-align: justify;\">Com \u00a0 65,25 \u00a0% \u00a0das urnas apuradas pelo TRE\/MS, Alcides Bernal do PP tem \u00a0191356 \u00a0votos o que representa \u00a063,54 \u00a0% \u00a0dos votos v\u00e1lidos.<\/p>\n<p style=\"text-align: justify;\">J\u00e1 n\u00e3o pode ser alcan\u00e7ado pelo seu concorrente, Edson Giroto, do PMDB, que est\u00e1 com \u00a0 36,46 % \u00a0na apura\u00e7\u00e3o.<\/p>\n<p style=\"text-align: justify;\">\u00a0Alcides Jesus Peralta Bernal \u00e9 natural de Corumb\u00e1.<\/p>\n<p style=\"text-align: justify;\">Advogado formado pela Faculdades\u00a0Unidas Cat\u00f3licas de Mato Grosso\u00a0em 1987, \u00a0tendo na \u00e1rea criminal mais de 20 anos de exerc\u00edcio da advocacia.<\/p>\n<p>Como radialista, apresenta programas ouvidos em mais de 40 munic\u00edpios de Mato Grosso do Sul e em outros estados.<\/p>\n<p style=\"text-align: justify;\">Em 2004, foi eleito vereadorem Campo Grandee presidiu a Comiss\u00e3o Permanente de Transporte e Tr\u00e2nsito.<\/p>\n<p style=\"text-align: justify;\">Em 2008 foi reeleito vereador com 12.294 votos.<\/p>\n<p style=\"text-align: justify;\">Bernal presidiu ent\u00e3o a Comiss\u00e3o Permanente de Defesa do Consumidor.<\/p>\n<p style=\"text-align: justify;\">\u00a0Nas elei\u00e7\u00f5es de 2010, foi eleito deputado estadual com 26.159 votos.<\/p>\n","protected":false},"excerpt":{"rendered":"<p>Com \u00a0 65,25 \u00a0% \u00a0das urnas apuradas pelo TRE\/MS, Alcides Bernal do PP tem \u00a0191356 \u00a0votos o que representa \u00a063,54 \u00a0% \u00a0dos votos v\u00e1lidos. J\u00e1 n\u00e3o pode ser alcan\u00e7ado pelo seu concorrente, Edson Giroto, do PMDB, que est\u00e1 com \u00a0 36,46 % \u00a0na apura\u00e7\u00e3o. \u00a0Alcides Jesus Peralta Bernal \u00e9 natural de Corumb\u00e1. Advogado formado pela [&hellip;]<\/p>\n","protected":false},"author":2,"featured_media":0,"comment_status":"open","ping_status":"open","sticky":false,"template":"","format":"standard","meta":{"_monsterinsights_skip_tracking":false,"_monsterinsights_sitenote_active":false,"_monsterinsights_sitenote_note":"","_monsterinsights_sitenote_category":0},"categories":[12],"tags":[6547,123,441,3689,6587,636,7622],"aioseo_notices":[],"_links":{"self":[{"href":"http:\/\/mspontocom.com.br\/site\/wp-json\/wp\/v2\/posts\/39336"}],"collection":[{"href":"http:\/\/mspontocom.com.br\/site\/wp-json\/wp\/v2\/posts"}],"about":[{"href":"http:\/\/mspontocom.com.br\/site\/wp-json\/wp\/v2\/types\/post"}],"author":[{"embeddable":true,"href":"http:\/\/mspontocom.com.br\/site\/wp-json\/wp\/v2\/users\/2"}],"replies":[{"embeddable":true,"href":"http:\/\/mspontocom.com.br\/site\/wp-json\/wp\/v2\/comments?post=39336"}],"version-history":[{"count":0,"href":"http:\/\/mspontocom.com.br\/site\/wp-json\/wp\/v2\/posts\/39336\/revisions"}],"wp:attachment":[{"href":"http:\/\/mspontocom.com.br\/site\/wp-json\/wp\/v2\/media?parent=39336"}],"wp:term":[{"taxonomy":"category","embeddable":true,"href":"http:\/\/mspontocom.com.br\/site\/wp-json\/wp\/v2\/categories?post=39336"},{"taxonomy":"post_tag","embeddable":true,"href":"http:\/\/mspontocom.com.br\/site\/wp-json\/wp\/v2\/tags?post=39336"}],"curies":[{"name":"wp","href":"https:\/\/api.w.org\/{rel}","templated":true}]}}