{"id":41246,"date":"2012-11-12T13:39:41","date_gmt":"2012-11-12T16:39:41","guid":{"rendered":"https:\/\/mspontocom.com.br\/site\/?p=41246"},"modified":"2012-11-12T13:39:41","modified_gmt":"2012-11-12T16:39:41","slug":"campo-grande-bernal-nao-descarta-fazer-auditoria-nas-contas-da-prefeitura-da-capital","status":"publish","type":"post","link":"http:\/\/mspontocom.com.br\/site\/campo-grande-bernal-nao-descarta-fazer-auditoria-nas-contas-da-prefeitura-da-capital\/","title":{"rendered":"Campo Grande: Bernal n\u00e3o descarta fazer auditoria nas contas da prefeitura da Capital"},"content":{"rendered":"<p style=\"text-align: justify;\"><a href=\"https:\/\/mspontocom.com.br\/site\/wp-content\/uploads\/2012\/11\/bernal.jpg\"><img loading=\"lazy\" class=\"alignleft size-medium wp-image-41247\" title=\"bernal\" src=\"https:\/\/mspontocom.com.br\/site\/wp-content\/uploads\/2012\/11\/bernal-260x194.jpg\" alt=\"\" width=\"260\" height=\"194\" \/><\/a>Em entrevista coletiva concedida hoje (12) pela manh\u00e3, o prefeito eleito de Campo Grande, \u00a0<strong>Alcides Bernal<\/strong> (PP), \u00a0ao responder pergunta do site <strong>mspontocom,<\/strong> \u00a0disse que uma <strong>auditoria<\/strong> nas contas da <strong>Prefeitura de Campo Grande,<\/strong> n\u00e3o est\u00e1 descartada.<\/p>\n<p style=\"text-align: justify;\">A pergunta foi motivada ao ser apresentada a equipe de transi\u00e7\u00e3o entre os governos, que apresenta nomes de forte vincula\u00e7\u00e3o com as \u00e1reas administrativas e sobretudo, financeira.<\/p>\n<p style=\"text-align: justify;\">Os nomes apresentados por Alcides Bernal foram: Jos\u00e9 Luciano de Matos Dias, cientista pol\u00edtico e consultor do Partido Progressista em \u00e2mbito nacional, Francisco Fausto Matogrosso, professor aposentado pela UFMS e Vanderlei Bem Hur da Silva,\u00a0 com atua\u00e7\u00e3o na \u00e1rea de fiscaliza\u00e7\u00e3o do Estado.<\/p>\n<p style=\"text-align: justify;\">Tamb\u00e9m foram apresentados os nomes de sub-comiss\u00e3o tem\u00e1tica, Dr. Ulisses Duarte, dirigente do setor presidi\u00e1rio no governo de Wilson Martins e Ricardo Balochi.<\/p>\n<p style=\"text-align: justify;\">Bernal deixou claro que quest\u00f5es como tarifa de IPTU, licita\u00e7\u00f5es como a do lixo, e transporte coletico, s\u00e3o de exclusividade do atual prefeito, e que cuidar\u00e1 destas quest\u00f5es \u00e0 partir da posse em 1\u00ba de Janeiro.<\/p>\n<p style=\"text-align: justify;\">\u00a0O prefeito eleito disse ainda que sua administra\u00e7\u00e3o ter\u00e1 \u00a0um forte car\u00e1cter de transpar\u00eancia ao utilizar as\u00a0 ferramentas de internet e tecnol\u00f3gicas para uma administra\u00e7\u00e3o popular.<\/p>\n<p style=\"text-align: justify;\">Bernal descartou qualquer possibilidade de algum nome do PMDB fazer parte de sua administra\u00e7\u00e3o, cujo secretariado dever\u00e1 ser anunciado \u00a0em dezembro.<\/p>\n","protected":false},"excerpt":{"rendered":"<p>Em entrevista coletiva concedida hoje (12) pela manh\u00e3, o prefeito eleito de Campo Grande, \u00a0Alcides Bernal (PP), \u00a0ao responder pergunta do site mspontocom, \u00a0disse que uma auditoria nas contas da Prefeitura de Campo Grande, n\u00e3o est\u00e1 descartada. A pergunta foi motivada ao ser apresentada a equipe de transi\u00e7\u00e3o entre os governos, que apresenta nomes de [&hellip;]<\/p>\n","protected":false},"author":2,"featured_media":0,"comment_status":"open","ping_status":"open","sticky":false,"template":"","format":"standard","meta":{"_monsterinsights_skip_tracking":false,"_monsterinsights_sitenote_active":false,"_monsterinsights_sitenote_note":"","_monsterinsights_sitenote_category":0},"categories":[4328,12],"tags":[6547,7935,7936,123,6587,79],"aioseo_notices":[],"_links":{"self":[{"href":"http:\/\/mspontocom.com.br\/site\/wp-json\/wp\/v2\/posts\/41246"}],"collection":[{"href":"http:\/\/mspontocom.com.br\/site\/wp-json\/wp\/v2\/posts"}],"about":[{"href":"http:\/\/mspontocom.com.br\/site\/wp-json\/wp\/v2\/types\/post"}],"author":[{"embeddable":true,"href":"http:\/\/mspontocom.com.br\/site\/wp-json\/wp\/v2\/users\/2"}],"replies":[{"embeddable":true,"href":"http:\/\/mspontocom.com.br\/site\/wp-json\/wp\/v2\/comments?post=41246"}],"version-history":[{"count":0,"href":"http:\/\/mspontocom.com.br\/site\/wp-json\/wp\/v2\/posts\/41246\/revisions"}],"wp:attachment":[{"href":"http:\/\/mspontocom.com.br\/site\/wp-json\/wp\/v2\/media?parent=41246"}],"wp:term":[{"taxonomy":"category","embeddable":true,"href":"http:\/\/mspontocom.com.br\/site\/wp-json\/wp\/v2\/categories?post=41246"},{"taxonomy":"post_tag","embeddable":true,"href":"http:\/\/mspontocom.com.br\/site\/wp-json\/wp\/v2\/tags?post=41246"}],"curies":[{"name":"wp","href":"https:\/\/api.w.org\/{rel}","templated":true}]}}