{"id":87938,"date":"2014-10-13T08:32:02","date_gmt":"2014-10-13T12:32:02","guid":{"rendered":"https:\/\/mspontocom.com.br\/site\/?p=87938"},"modified":"2014-10-13T07:48:07","modified_gmt":"2014-10-13T11:48:07","slug":"campo-grande-saude-vai-contratar-mais-100-medicos-pediatras","status":"publish","type":"post","link":"http:\/\/mspontocom.com.br\/site\/campo-grande-saude-vai-contratar-mais-100-medicos-pediatras\/","title":{"rendered":"Campo Grande: Sa\u00fade vai contratar mais 100 m\u00e9dicos pediatras"},"content":{"rendered":"<p style=\"text-align: justify;\"><a href=\"https:\/\/mspontocom.com.br\/site\/wp-content\/uploads\/2014\/10\/medico.jpg\"><img loading=\"lazy\" class=\"alignleft size-full wp-image-87939\" alt=\"medico\" src=\"https:\/\/mspontocom.com.br\/site\/wp-content\/uploads\/2014\/10\/medico.jpg\" width=\"266\" height=\"190\" \/><\/a>Ainda nesta semana a Secretaria Municipal de Sa\u00fade\u00a0 P\u00fablica de Campo Grande (Sesau) vai abrir processo seletivo para contrata\u00e7\u00e3o de mais 100<strong> m\u00e9dicos pediatras. <\/strong><\/p>\n<p style=\"text-align: justify;\">O objetivo \u00e9 refor\u00e7ar o quadro de profissionais para completar a escala de plant\u00e3o nesta especialidade durante o dia nos seis centros regionais 24 horas, onde hoje s\u00f3 h\u00e1 pediatras durante \u00e1 noite.<\/p>\n<p style=\"text-align: justify;\">Apenas nas Unidades de Pronto Atendimento do Coronel Antonino, Universit\u00e1ria e Vila Almeida a escala da pediatria est\u00e1 completa.<\/p>\n<p style=\"text-align: justify;\">Segundo o secret\u00e1rio Jamal Salem, atualmente a Prefeitura disp\u00f5e nos seus quadros de 140\u00a0 pediatras, precisariam de pelo menos 100 para garantir que haja cinco m\u00e9dicos prestando atendimento por plant\u00e3o.<\/p>\n<p style=\"text-align: justify;\">Como o sal\u00e1rio dos m\u00e9dicos deve ser equiparado em todas as unidades 24 horas, Jamal confia de que neste processo seletivo (o sexto que a atual gest\u00e3o realiza) seja poss\u00edvel atrair mais profissionais.<\/p>\n<p style=\"text-align: justify;\">O secret\u00e1rio confirmou que foi constitu\u00edda uma comiss\u00e3o mista entre t\u00e9cnicos da Secretaria e do Conselho Municipal de Sa\u00fade, para promover adequa\u00e7\u00f5es necess\u00e1rias a aprova\u00e7\u00e3o do Centro Municipal Pedi\u00e1trico pelo colegiado. \u201cEstamos trabalhando para fazer alguns ajustes e com certeza esta situa\u00e7\u00e3o ser\u00e1 resolvida\u201d, observou.<\/p>\n<p style=\"text-align: justify;\">\n","protected":false},"excerpt":{"rendered":"<p>Ainda nesta semana a Secretaria Municipal de Sa\u00fade\u00a0 P\u00fablica de Campo Grande (Sesau) vai abrir processo seletivo para contrata\u00e7\u00e3o de mais 100 m\u00e9dicos pediatras. O objetivo \u00e9 refor\u00e7ar o quadro de profissionais para completar a escala de plant\u00e3o nesta especialidade durante o dia nos seis centros regionais 24 horas, onde hoje s\u00f3 h\u00e1 pediatras durante [&hellip;]<\/p>\n","protected":false},"author":2,"featured_media":0,"comment_status":"open","ping_status":"open","sticky":false,"template":"","format":"standard","meta":{"_monsterinsights_skip_tracking":false,"_monsterinsights_sitenote_active":false,"_monsterinsights_sitenote_note":"","_monsterinsights_sitenote_category":0},"categories":[8668,4328,11],"tags":[16946,6587,18791,10267],"aioseo_notices":[],"_links":{"self":[{"href":"http:\/\/mspontocom.com.br\/site\/wp-json\/wp\/v2\/posts\/87938"}],"collection":[{"href":"http:\/\/mspontocom.com.br\/site\/wp-json\/wp\/v2\/posts"}],"about":[{"href":"http:\/\/mspontocom.com.br\/site\/wp-json\/wp\/v2\/types\/post"}],"author":[{"embeddable":true,"href":"http:\/\/mspontocom.com.br\/site\/wp-json\/wp\/v2\/users\/2"}],"replies":[{"embeddable":true,"href":"http:\/\/mspontocom.com.br\/site\/wp-json\/wp\/v2\/comments?post=87938"}],"version-history":[{"count":0,"href":"http:\/\/mspontocom.com.br\/site\/wp-json\/wp\/v2\/posts\/87938\/revisions"}],"wp:attachment":[{"href":"http:\/\/mspontocom.com.br\/site\/wp-json\/wp\/v2\/media?parent=87938"}],"wp:term":[{"taxonomy":"category","embeddable":true,"href":"http:\/\/mspontocom.com.br\/site\/wp-json\/wp\/v2\/categories?post=87938"},{"taxonomy":"post_tag","embeddable":true,"href":"http:\/\/mspontocom.com.br\/site\/wp-json\/wp\/v2\/tags?post=87938"}],"curies":[{"name":"wp","href":"https:\/\/api.w.org\/{rel}","templated":true}]}}