{"id":88834,"date":"2014-11-01T09:53:37","date_gmt":"2014-11-01T12:53:37","guid":{"rendered":"https:\/\/mspontocom.com.br\/site\/?p=88834"},"modified":"2014-11-01T09:53:37","modified_gmt":"2014-11-01T12:53:37","slug":"artigo-a-desaposentacao-e-o-nome-da-rosa","status":"publish","type":"post","link":"http:\/\/mspontocom.com.br\/site\/artigo-a-desaposentacao-e-o-nome-da-rosa\/","title":{"rendered":"Artigo: A desaposenta\u00e7\u00e3o e o nome da Rosa"},"content":{"rendered":"<p style=\"text-align: justify;\"><a href=\"https:\/\/mspontocom.com.br\/site\/wp-content\/uploads\/2014\/11\/rosa.jpg\"><img loading=\"lazy\" class=\"alignleft size-full wp-image-88835\" alt=\"rosa\" src=\"https:\/\/mspontocom.com.br\/site\/wp-content\/uploads\/2014\/11\/rosa.jpg\" width=\"251\" height=\"201\" \/><\/a>Costumo buscar conex\u00e3o em not\u00edcias ou fatos aparentemente desconexos entre si.<\/p>\n<p style=\"text-align: justify;\">Obviamente erro bastante, mas, \u00e0s vezes proporcionam divertidas Teorias da Conspira\u00e7\u00e3o.<\/p>\n<p style=\"text-align: justify;\"><strong>Manchete do portal G1 de 29 de outubro de 2014:<\/strong><\/p>\n<p style=\"text-align: justify;\"><b>&#8220;Ministra pede vistas e proposta de desaposenta\u00e7\u00e3o \u00e9 novamente adiada&#8221;<\/b><\/p>\n<p style=\"text-align: justify;\">A desaposenta\u00e7\u00e3o \u00e9 uma reivindica\u00e7\u00e3o dos aposentados que voltam a trabalhar.<\/p>\n<p style=\"text-align: justify;\">Como \u00e9 cobrado em seu novo sal\u00e1rio descontos para o INSS, \u00e9 justo que depois de um tempo pe\u00e7am revis\u00e3o (reajuste) da sua acanhada aposentadoria.<\/p>\n<p style=\"text-align: justify;\">Ou o INSS pare de cobrar essa contribui\u00e7\u00e3o (?)!<\/p>\n<p style=\"text-align: justify;\">O governo, obviamente \u00e9 contra a desaposenta\u00e7\u00e3o por considerar que suas despesas aumentariam ainda mais o d\u00e9ficit da seguridade social. \u00a0Bla\u00b4, bla\u00b4, bla de sempre.<\/p>\n<p style=\"text-align: justify;\">Com o pedido de vistas da ministra Rosa Weber o assunto foi adiado pela terceiras vez.<\/p>\n<p style=\"text-align: justify;\">Pedido de vistas \u00e9 um argumento pomposo, firula advocat\u00edcia, \u00a0usado pelos magistrados que \u00a0na pr\u00e1tica significa \u00a0um \u201cempurrar com a barriga\u201d mesmo.<\/p>\n<p style=\"text-align: justify;\">J\u00e1 que o STF n\u00e3o chega a um acordo \u00a0sobre o tema, sugiro que se julgue incompetente para analisar a quest\u00e3o.<\/p>\n<p style=\"text-align: justify;\">Seria mais uma para aquele formoso bord\u00e3o: &#8230;Nunca antes neste pais.<\/p>\n<p style=\"text-align: justify;\"><strong>Manchete do portal G1 de 31 de outubro de 2014<\/strong><\/p>\n<p style=\"text-align: justify;\"><b>&#8220;Rosa Weber manda incluir reajustes de sal\u00e1rios do Supremo e MP no or\u00e7amento&#8221;<\/b><\/p>\n<p style=\"text-align: justify;\">No final de agosto,\u00a0os ministros da Suprema Corte em sess\u00e3o administrativa, (n\u00e3o foi televisionada pela TV Justi\u00e7a) aprovaram uma proposta de aumento dos pr\u00f3prios sal\u00e1rios de R$ 29,4 mil para R$ 35,9 mil \u2013 reajuste de 22%.<\/p>\n<p style=\"text-align: justify;\">A ministra, claro, pede zelo ao or\u00e7amento para que que n\u00e3o deixe de ser cumprida a reivindica\u00e7\u00e3o do STF, ou seja feliz ano novo.<\/p>\n<p style=\"text-align: justify;\">\u00a0N\u00e3o creio que o tema desaposenta\u00e7\u00e3o sirva como ref\u00e9m para reivindica\u00e7\u00e3o salarial de magistrados.<\/p>\n<p style=\"text-align: justify;\">Espero sinceramente que mais uma vez esteja errado nas conex\u00f5es das not\u00edcias e fatos.<\/p>\n<p style=\"text-align: justify;\">Mas no Brasil da \u201csalvesequempudercracia, farinha pouca, meu pir\u00e3o primeiro!<\/p>\n<p style=\"text-align: justify;\">\n<p style=\"text-align: justify;\">Marcos Aurelio<\/p>\n<p>editor do site Mspontocom<\/p>\n<p>&nbsp;<\/p>\n","protected":false},"excerpt":{"rendered":"<p>Costumo buscar conex\u00e3o em not\u00edcias ou fatos aparentemente desconexos entre si. Obviamente erro bastante, mas, \u00e0s vezes proporcionam divertidas Teorias da Conspira\u00e7\u00e3o. Manchete do portal G1 de 29 de outubro de 2014: &#8220;Ministra pede vistas e proposta de desaposenta\u00e7\u00e3o \u00e9 novamente adiada&#8221; A desaposenta\u00e7\u00e3o \u00e9 uma reivindica\u00e7\u00e3o dos aposentados que voltam a trabalhar. Como \u00e9 [&hellip;]<\/p>\n","protected":false},"author":2,"featured_media":0,"comment_status":"open","ping_status":"open","sticky":false,"template":"","format":"standard","meta":{"_monsterinsights_skip_tracking":false,"_monsterinsights_sitenote_active":false,"_monsterinsights_sitenote_note":"","_monsterinsights_sitenote_category":0},"categories":[8668,6,2528],"tags":[516,11479,617,1350,6587,7219],"aioseo_notices":[],"_links":{"self":[{"href":"http:\/\/mspontocom.com.br\/site\/wp-json\/wp\/v2\/posts\/88834"}],"collection":[{"href":"http:\/\/mspontocom.com.br\/site\/wp-json\/wp\/v2\/posts"}],"about":[{"href":"http:\/\/mspontocom.com.br\/site\/wp-json\/wp\/v2\/types\/post"}],"author":[{"embeddable":true,"href":"http:\/\/mspontocom.com.br\/site\/wp-json\/wp\/v2\/users\/2"}],"replies":[{"embeddable":true,"href":"http:\/\/mspontocom.com.br\/site\/wp-json\/wp\/v2\/comments?post=88834"}],"version-history":[{"count":0,"href":"http:\/\/mspontocom.com.br\/site\/wp-json\/wp\/v2\/posts\/88834\/revisions"}],"wp:attachment":[{"href":"http:\/\/mspontocom.com.br\/site\/wp-json\/wp\/v2\/media?parent=88834"}],"wp:term":[{"taxonomy":"category","embeddable":true,"href":"http:\/\/mspontocom.com.br\/site\/wp-json\/wp\/v2\/categories?post=88834"},{"taxonomy":"post_tag","embeddable":true,"href":"http:\/\/mspontocom.com.br\/site\/wp-json\/wp\/v2\/tags?post=88834"}],"curies":[{"name":"wp","href":"https:\/\/api.w.org\/{rel}","templated":true}]}}