{"id":89111,"date":"2014-11-07T08:15:01","date_gmt":"2014-11-07T11:15:01","guid":{"rendered":"https:\/\/mspontocom.com.br\/site\/?p=89111"},"modified":"2014-11-07T08:01:16","modified_gmt":"2014-11-07T11:01:16","slug":"iptu-c-grande-presidente-da-camara-diz-que-nao-aceita-os-indices-repassados-pela-prefeitura","status":"publish","type":"post","link":"http:\/\/mspontocom.com.br\/site\/iptu-c-grande-presidente-da-camara-diz-que-nao-aceita-os-indices-repassados-pela-prefeitura\/","title":{"rendered":"IPTU C.Grande: Presidente da C\u00e2mara diz que n\u00e3o aceita os \u00edndices repassados pela Prefeitura"},"content":{"rendered":"<p style=\"text-align: justify;\"><a href=\"https:\/\/mspontocom.com.br\/site\/wp-content\/uploads\/2014\/11\/mario.jpg\"><img loading=\"lazy\" class=\"alignleft size-full wp-image-89112\" alt=\"mario\" src=\"https:\/\/mspontocom.com.br\/site\/wp-content\/uploads\/2014\/11\/mario.jpg\" width=\"226\" height=\"150\" \/><\/a>O presidente da <strong>C\u00e2mara Municipal<\/strong> de Campo Grande,<strong> vereador Mario Cesar<\/strong> destacou durante \u00a0Sess\u00e3o Comunit\u00e1ria \u00a0que os vereadores n\u00e3o v\u00e3o aceitar o \u00edndice de reajuste encaminhado pelo Executivo.<\/p>\n<p style=\"text-align: justify;\">De acordo com o parlamentar, \u201ctemos uma grande responsabilidade com rela\u00e7\u00e3o ao <strong>IPTU<\/strong>. Houve uma distor\u00e7\u00e3o do IPTU de 2012 para 2013 e de 2013 para 2014. N\u00e3o podemos repassar essa distor\u00e7\u00e3o para a popula\u00e7\u00e3o e uma vez s\u00f3. N\u00e3o vamos aceitar esse \u00edndice que foi repassado. \u00c9 preciso equil\u00edbrio e responsabilidade. Se aumentar o imposto tem que aumentar tamb\u00e9m os servi\u00e7os prestados \u00e0 sociedade. Vamos analisar isso com responsabilidade e muito zelo para que seja o menos impactante poss\u00edvel no bolso da popula\u00e7\u00e3o. Porque qualquer aumento vai impactar em toda Campo Grande. E a cidade n\u00e3o pode deixar de ter recursos para atender toda essa demanda\u201d, afirmou.<\/p>\n<p style=\"text-align: justify;\">Em seu pronunciamento, Mario Cesar destacou ainda que a Sess\u00e3o Comunit\u00e1ria contou com a presen\u00e7a de lideran\u00e7as de diversas regi\u00f5es da Capital. \u201cTivemos aqui representantes do Bandeira, do Lagoa, do Anhanduizinho. Isso demonstra que a sociedade estava esperando o retorno das sess\u00f5es comunit\u00e1rias. \u00c9 muito bom voltar com esse trabalho de ouvir toda a popula\u00e7\u00e3o para nos orientar o que fazer e balizar nossas a\u00e7\u00f5es\u201d, disse o chefe do Poder Legislativo.<\/p>\n","protected":false},"excerpt":{"rendered":"<p>O presidente da C\u00e2mara Municipal de Campo Grande, vereador Mario Cesar destacou durante \u00a0Sess\u00e3o Comunit\u00e1ria \u00a0que os vereadores n\u00e3o v\u00e3o aceitar o \u00edndice de reajuste encaminhado pelo Executivo. De acordo com o parlamentar, \u201ctemos uma grande responsabilidade com rela\u00e7\u00e3o ao IPTU. Houve uma distor\u00e7\u00e3o do IPTU de 2012 para 2013 e de 2013 para 2014. [&hellip;]<\/p>\n","protected":false},"author":2,"featured_media":0,"comment_status":"open","ping_status":"open","sticky":false,"template":"","format":"standard","meta":{"_monsterinsights_skip_tracking":false,"_monsterinsights_sitenote_active":false,"_monsterinsights_sitenote_note":"","_monsterinsights_sitenote_category":0},"categories":[4328,15,12],"tags":[1271,742,163,6587,5575],"aioseo_notices":[],"_links":{"self":[{"href":"http:\/\/mspontocom.com.br\/site\/wp-json\/wp\/v2\/posts\/89111"}],"collection":[{"href":"http:\/\/mspontocom.com.br\/site\/wp-json\/wp\/v2\/posts"}],"about":[{"href":"http:\/\/mspontocom.com.br\/site\/wp-json\/wp\/v2\/types\/post"}],"author":[{"embeddable":true,"href":"http:\/\/mspontocom.com.br\/site\/wp-json\/wp\/v2\/users\/2"}],"replies":[{"embeddable":true,"href":"http:\/\/mspontocom.com.br\/site\/wp-json\/wp\/v2\/comments?post=89111"}],"version-history":[{"count":0,"href":"http:\/\/mspontocom.com.br\/site\/wp-json\/wp\/v2\/posts\/89111\/revisions"}],"wp:attachment":[{"href":"http:\/\/mspontocom.com.br\/site\/wp-json\/wp\/v2\/media?parent=89111"}],"wp:term":[{"taxonomy":"category","embeddable":true,"href":"http:\/\/mspontocom.com.br\/site\/wp-json\/wp\/v2\/categories?post=89111"},{"taxonomy":"post_tag","embeddable":true,"href":"http:\/\/mspontocom.com.br\/site\/wp-json\/wp\/v2\/tags?post=89111"}],"curies":[{"name":"wp","href":"https:\/\/api.w.org\/{rel}","templated":true}]}}