{"id":90519,"date":"2014-12-10T15:34:15","date_gmt":"2014-12-10T18:34:15","guid":{"rendered":"https:\/\/mspontocom.com.br\/site\/?p=90519"},"modified":"2014-12-10T14:38:01","modified_gmt":"2014-12-10T17:38:01","slug":"prefeitura-anuncia-r-25-milhoes-para-pavimentacao-de-16-regioes-de-campo-grande","status":"publish","type":"post","link":"http:\/\/mspontocom.com.br\/site\/prefeitura-anuncia-r-25-milhoes-para-pavimentacao-de-16-regioes-de-campo-grande\/","title":{"rendered":"Prefeitura anuncia R$ 25 milh\u00f5es para pavimenta\u00e7\u00e3o de 16 regi\u00f5es de Campo Grande"},"content":{"rendered":"<p style=\"text-align: justify;\"><a href=\"https:\/\/mspontocom.com.br\/site\/wp-content\/uploads\/2014\/12\/pavimenta\u00e7\u00e3o.jpg\"><img loading=\"lazy\" class=\"alignleft size-full wp-image-90520\" alt=\"pavimenta\u00e7\u00e3o\" src=\"https:\/\/mspontocom.com.br\/site\/wp-content\/uploads\/2014\/12\/pavimenta\u00e7\u00e3o.jpg\" width=\"274\" height=\"184\" \/><\/a>O prefeito Gilmar Olarte anunciou hoje\u00a0 (10) \u00a0a libera\u00e7\u00e3o de recursos federais da ordem de R$ 24.999.141,06, contrapartida do Governo Federal, para a continuidade do PAC 2 \u2013 Pavimenta\u00e7\u00e3o de Vias Urbanas de Campo Grande, que v\u00e3o beneficiar 16 regi\u00f5es da cidade.<\/p>\n<p>Os recursos ser\u00e3o empregados imediatamente na pavimenta\u00e7\u00e3o e qualifica\u00e7\u00e3o de vias da regi\u00e3o urbana do Imbirussu\/Segredo\/Prosa, beneficiando diretamente 16 regi\u00f5es da Capital: Semin\u00e1rio (etapas A, B e C), At\u00e2ntico Sul (A, B, C, D), Mata do Jacinto (A, B, C, D e E), Alto S\u00e3o Francisco, S\u00edrio Liban\u00eas, Portal do Panam\u00e1 e Bellinate.<\/p>\n<p>Ser\u00e3o dezenas de ruas e avenidas pavimentadas e com toda infraestrutura para proporcionar conforto e qualidade de vida a milhares de fam\u00edlias de uma regi\u00e3o que carecia desses investimentos.<\/p>\n<p>\u201cVamos come\u00e7ar essas obras imediatamente, pois elas est\u00e3o sendo aguardadas h\u00e1 muito tempo pela popula\u00e7\u00e3o\u201d, afirmou o prefeito. Ele contou tamb\u00e9m que a prefeitura, nesses 9 meses de administra\u00e7\u00e3o, conseguiu colocar a casa em ordem destacando que a cidade est\u00e1 pronta para voltar a crescer a partir de 2015, em ritmo acelerado.<\/p>\n","protected":false},"excerpt":{"rendered":"<p>O prefeito Gilmar Olarte anunciou hoje\u00a0 (10) \u00a0a libera\u00e7\u00e3o de recursos federais da ordem de R$ 24.999.141,06, contrapartida do Governo Federal, para a continuidade do PAC 2 \u2013 Pavimenta\u00e7\u00e3o de Vias Urbanas de Campo Grande, que v\u00e3o beneficiar 16 regi\u00f5es da cidade. Os recursos ser\u00e3o empregados imediatamente na pavimenta\u00e7\u00e3o e qualifica\u00e7\u00e3o de vias da regi\u00e3o [&hellip;]<\/p>\n","protected":false},"author":2,"featured_media":0,"comment_status":"open","ping_status":"open","sticky":false,"template":"","format":"standard","meta":{"_monsterinsights_skip_tracking":false,"_monsterinsights_sitenote_active":false,"_monsterinsights_sitenote_note":"","_monsterinsights_sitenote_category":0},"categories":[4328,15],"tags":[8699,6587,19652],"aioseo_notices":[],"_links":{"self":[{"href":"http:\/\/mspontocom.com.br\/site\/wp-json\/wp\/v2\/posts\/90519"}],"collection":[{"href":"http:\/\/mspontocom.com.br\/site\/wp-json\/wp\/v2\/posts"}],"about":[{"href":"http:\/\/mspontocom.com.br\/site\/wp-json\/wp\/v2\/types\/post"}],"author":[{"embeddable":true,"href":"http:\/\/mspontocom.com.br\/site\/wp-json\/wp\/v2\/users\/2"}],"replies":[{"embeddable":true,"href":"http:\/\/mspontocom.com.br\/site\/wp-json\/wp\/v2\/comments?post=90519"}],"version-history":[{"count":0,"href":"http:\/\/mspontocom.com.br\/site\/wp-json\/wp\/v2\/posts\/90519\/revisions"}],"wp:attachment":[{"href":"http:\/\/mspontocom.com.br\/site\/wp-json\/wp\/v2\/media?parent=90519"}],"wp:term":[{"taxonomy":"category","embeddable":true,"href":"http:\/\/mspontocom.com.br\/site\/wp-json\/wp\/v2\/categories?post=90519"},{"taxonomy":"post_tag","embeddable":true,"href":"http:\/\/mspontocom.com.br\/site\/wp-json\/wp\/v2\/tags?post=90519"}],"curies":[{"name":"wp","href":"https:\/\/api.w.org\/{rel}","templated":true}]}}