{"id":101199,"date":"2015-09-02T10:00:14","date_gmt":"2015-09-02T14:00:14","guid":{"rendered":"https:\/\/mspontocom.com.br\/site\/?p=101199"},"modified":"2015-09-02T08:50:09","modified_gmt":"2015-09-02T12:50:09","slug":"alcides-bernal-vai-a-brasilia-para-destravar-emprestimos","status":"publish","type":"post","link":"https:\/\/mspontocom.com.br\/site\/alcides-bernal-vai-a-brasilia-para-destravar-emprestimos\/","title":{"rendered":"Alcides Bernal vai \u00e0 Bras\u00edlia para destravar empr\u00e9stimos"},"content":{"rendered":"<p style=\"text-align: justify;\"><a href=\"https:\/\/mspontocom.com.br\/site\/wp-content\/uploads\/2015\/09\/bernal.jpeg\"><img loading=\"lazy\" class=\"alignleft size-full wp-image-101200\" alt=\"bernal\" src=\"https:\/\/mspontocom.com.br\/site\/wp-content\/uploads\/2015\/09\/bernal.jpeg\" width=\"330\" height=\"219\" \/><\/a>O Prefeito <strong>Alcides Bernal<\/strong> participou de reuni\u00e3o com alguns prefeitos da Frente Nacional de Prefeitos (FNP) e com o presidente do Senado Federal, <strong>Renan Calheiros<\/strong>, em Bras\u00edlia (DF), sobre a suspens\u00e3o da Comiss\u00e3o de Financiamentos Externos (Cofiex) do dia 12 de agosto, que analisava as cartas consultas aprovadas pela Secretaria de Assuntos Internacionais (SEAIN).<\/p>\n<p>Campo Grande teve aprovado um empr\u00e9stimo junto ao Banco de Desenvolvimento da Am\u00e9rica (CAF) no valor de U$ 70 milh\u00f5es, para realiza\u00e7\u00e3o de obras no munic\u00edpio, que n\u00e3o ser\u00e1 concretizado devido a essa suspens\u00e3o.<\/p>\n<p>Renan Calheiros ouviu o pleito dos prefeitos e se comprometeu a dar retorno, ainda nesta quarta-feira, sobre o assunto, depois de ouvir o ministro da Fazenda, Joaquim Levy, e outras autoridades da \u00e1rea econ\u00f4mica sobre o tema.<\/p>\n","protected":false},"excerpt":{"rendered":"<p>O Prefeito Alcides Bernal participou de reuni\u00e3o com alguns prefeitos da Frente Nacional de Prefeitos (FNP) e com o presidente do Senado Federal, Renan Calheiros, em Bras\u00edlia (DF), sobre a suspens\u00e3o da Comiss\u00e3o de Financiamentos Externos (Cofiex) do dia 12 de agosto, que analisava as cartas consultas aprovadas pela Secretaria de Assuntos Internacionais (SEAIN). Campo [&hellip;]<\/p>\n","protected":false},"author":2,"featured_media":0,"comment_status":"open","ping_status":"open","sticky":false,"template":"","format":"standard","meta":{"_monsterinsights_skip_tracking":false,"_monsterinsights_sitenote_active":false,"_monsterinsights_sitenote_note":"","_monsterinsights_sitenote_category":0},"categories":[4328,15,12],"tags":[7262,147,6587,9868],"aioseo_notices":[],"_links":{"self":[{"href":"https:\/\/mspontocom.com.br\/site\/wp-json\/wp\/v2\/posts\/101199"}],"collection":[{"href":"https:\/\/mspontocom.com.br\/site\/wp-json\/wp\/v2\/posts"}],"about":[{"href":"https:\/\/mspontocom.com.br\/site\/wp-json\/wp\/v2\/types\/post"}],"author":[{"embeddable":true,"href":"https:\/\/mspontocom.com.br\/site\/wp-json\/wp\/v2\/users\/2"}],"replies":[{"embeddable":true,"href":"https:\/\/mspontocom.com.br\/site\/wp-json\/wp\/v2\/comments?post=101199"}],"version-history":[{"count":0,"href":"https:\/\/mspontocom.com.br\/site\/wp-json\/wp\/v2\/posts\/101199\/revisions"}],"wp:attachment":[{"href":"https:\/\/mspontocom.com.br\/site\/wp-json\/wp\/v2\/media?parent=101199"}],"wp:term":[{"taxonomy":"category","embeddable":true,"href":"https:\/\/mspontocom.com.br\/site\/wp-json\/wp\/v2\/categories?post=101199"},{"taxonomy":"post_tag","embeddable":true,"href":"https:\/\/mspontocom.com.br\/site\/wp-json\/wp\/v2\/tags?post=101199"}],"curies":[{"name":"wp","href":"https:\/\/api.w.org\/{rel}","templated":true}]}}