{"id":104295,"date":"2015-11-24T14:00:09","date_gmt":"2015-11-24T17:00:09","guid":{"rendered":"https:\/\/mspontocom.com.br\/site\/?p=104295"},"modified":"2015-11-24T14:50:53","modified_gmt":"2015-11-24T17:50:53","slug":"ms-lanca-linha-de-microcredito-para-jovens-empreendedores","status":"publish","type":"post","link":"https:\/\/mspontocom.com.br\/site\/ms-lanca-linha-de-microcredito-para-jovens-empreendedores\/","title":{"rendered":"Governo MS lan\u00e7a linha de microcr\u00e9dito para jovens empreendedores"},"content":{"rendered":"<div id=\"attachment_104296\" style=\"width: 410px\" class=\"wp-caption alignleft\"><a href=\"https:\/\/mspontocom.com.br\/site\/wp-content\/uploads\/2015\/11\/jovem.jpg\"><img aria-describedby=\"caption-attachment-104296\" loading=\"lazy\" class=\"size-full wp-image-104296\" alt=\"jovem\" src=\"https:\/\/mspontocom.com.br\/site\/wp-content\/uploads\/2015\/11\/jovem.jpg\" width=\"400\" height=\"280\" \/><\/a><p id=\"caption-attachment-104296\" class=\"wp-caption-text\">ilustra\u00e7\u00e3o: www.encontresuafranquia.com.br<\/p><\/div>\n<p style=\"text-align: justify;\">O governador Reinaldo Azambuja lan\u00e7ou uma linha de microcr\u00e9dito para <strong>jovens empreendedores.<\/strong><\/p>\n<p style=\"text-align: justify;\">\u00a0O ato ocorreu durante o I Semin\u00e1rio de Administra\u00e7\u00e3o e Empreendedorismo de Mato Grosso do Sul (Seminad).<\/p>\n<p style=\"text-align: justify;\">Voltado para jovens empres\u00e1rios, a linha tem como objetivo intensificar a linha de educa\u00e7\u00e3o empreendedora em destaque na sociedade, por meio das entidades jovens empresariais, representadas por lideran\u00e7as de todos os setores.<\/p>\n<p style=\"text-align: justify;\">O programa estadual de<strong> microcr\u00e9dito<\/strong> \u00e9 voltado para jovens que j\u00e1 possuem um empreendimento e para aqueles que desejam\u00a0come\u00e7ar um neg\u00f3cio.<\/p>\n<p style=\"text-align: justify;\">Al\u00e9m da oferta de linhas de R$ 3 mil para capital de giro e R$ 8 mil para investimento fixo ou misto, com taxa de juros de 1,8% ao m\u00eas e prazo de car\u00eancia de dois meses, os contratantes v\u00e3o contar com toda a orienta\u00e7\u00e3o e suporte de t\u00e9cnicos da secretaria de Assist\u00eancia Social, Funtrab e <strong>Banco Cidad\u00e3o.<\/strong><\/p>\n","protected":false},"excerpt":{"rendered":"<p>O governador Reinaldo Azambuja lan\u00e7ou uma linha de microcr\u00e9dito para jovens empreendedores. \u00a0O ato ocorreu durante o I Semin\u00e1rio de Administra\u00e7\u00e3o e Empreendedorismo de Mato Grosso do Sul (Seminad). Voltado para jovens empres\u00e1rios, a linha tem como objetivo intensificar a linha de educa\u00e7\u00e3o empreendedora em destaque na sociedade, por meio das entidades jovens empresariais, representadas [&hellip;]<\/p>\n","protected":false},"author":2,"featured_media":0,"comment_status":"open","ping_status":"open","sticky":false,"template":"","format":"standard","meta":{"_monsterinsights_skip_tracking":false,"_monsterinsights_sitenote_active":false,"_monsterinsights_sitenote_note":"","_monsterinsights_sitenote_category":0},"categories":[15,74],"tags":[17982,147,4233,78,649,2178,800,24137,17503,6587],"aioseo_notices":[],"_links":{"self":[{"href":"https:\/\/mspontocom.com.br\/site\/wp-json\/wp\/v2\/posts\/104295"}],"collection":[{"href":"https:\/\/mspontocom.com.br\/site\/wp-json\/wp\/v2\/posts"}],"about":[{"href":"https:\/\/mspontocom.com.br\/site\/wp-json\/wp\/v2\/types\/post"}],"author":[{"embeddable":true,"href":"https:\/\/mspontocom.com.br\/site\/wp-json\/wp\/v2\/users\/2"}],"replies":[{"embeddable":true,"href":"https:\/\/mspontocom.com.br\/site\/wp-json\/wp\/v2\/comments?post=104295"}],"version-history":[{"count":0,"href":"https:\/\/mspontocom.com.br\/site\/wp-json\/wp\/v2\/posts\/104295\/revisions"}],"wp:attachment":[{"href":"https:\/\/mspontocom.com.br\/site\/wp-json\/wp\/v2\/media?parent=104295"}],"wp:term":[{"taxonomy":"category","embeddable":true,"href":"https:\/\/mspontocom.com.br\/site\/wp-json\/wp\/v2\/categories?post=104295"},{"taxonomy":"post_tag","embeddable":true,"href":"https:\/\/mspontocom.com.br\/site\/wp-json\/wp\/v2\/tags?post=104295"}],"curies":[{"name":"wp","href":"https:\/\/api.w.org\/{rel}","templated":true}]}}