{"id":105640,"date":"2016-01-02T08:50:31","date_gmt":"2016-01-02T11:50:31","guid":{"rendered":"https:\/\/mspontocom.com.br\/site\/?p=105640"},"modified":"2016-01-02T08:21:05","modified_gmt":"2016-01-02T11:21:05","slug":"ms-veja-quem-tera-prioridades-para-aquisicao-de-casas-no-estado","status":"publish","type":"post","link":"https:\/\/mspontocom.com.br\/site\/ms-veja-quem-tera-prioridades-para-aquisicao-de-casas-no-estado\/","title":{"rendered":"MS: Veja quem ter\u00e1 prioridades para aquisi\u00e7\u00e3o de casas no Estado"},"content":{"rendered":"<p style=\"text-align: justify;\"><a href=\"https:\/\/mspontocom.com.br\/site\/wp-content\/uploads\/2016\/01\/Minha-casa-Minha-vida-MS.jpg\"><img loading=\"lazy\" class=\"alignleft size-full wp-image-105641\" alt=\"Minha-casa-Minha-vida-MS\" src=\"https:\/\/mspontocom.com.br\/site\/wp-content\/uploads\/2016\/01\/Minha-casa-Minha-vida-MS.jpg\" width=\"600\" height=\"450\" \/><\/a>Decreto publicada no Di\u00e1rio Oficial do Estado estabelece que para o enquadramento do <strong>Programa Minha Casa<\/strong>, <strong>Minha Vida<\/strong> ter\u00e3o prioridades fam\u00edlias com filho(s) em idade inferior a 18 (dezoito) anos, comprovado por documento de filia\u00e7\u00e3o.<\/p>\n<p style=\"text-align: justify;\">Tamb\u00e9m entram nesta lista as \u00a0fam\u00edlias constitu\u00edda somente pela m\u00e3e, somente pelo pai ou somente por um respons\u00e1vel legal por crian\u00e7a e adolescente, comprovado por documento de filia\u00e7\u00e3o e documento oficial que comprove a guarda.<\/p>\n<p style=\"text-align: justify;\">Outro grupo que ganha prioridade s\u00e3o fam\u00edlias de que fa\u00e7a parte pessoa com doen\u00e7a cr\u00f4nica e incapacitante para o trabalho, comprovado por laudo m\u00e9dico.<\/p>\n<p style=\"text-align: justify;\">A publica\u00e7\u00e3o foi assinada pelo governador Reinaldo Azambuja e <span style=\"line-height: 1.5em;\">\u00a0passa a valer \u00e0 partir de hoje.<\/span><\/p>\n<p><strong>Publicidade<\/strong><\/p>\n<p style=\"text-align: justify;\">Depois do cadastramento virtual, o Governo do Estado tornou em lei a garantia da publicidade e transpar\u00eancia dos cadastros dos inscritos, bem como dos empreendimentos habitacionais, sob gest\u00e3o da <strong>Sehab<\/strong> (Secretaria de Estado de Habita\u00e7\u00e3o).<\/p>\n<p style=\"text-align: justify;\">A partir de agora o governo vai disponibilizar informa\u00e7\u00f5es detalhadas de cada programa, entre elas os valores destinados pelo Poder Executivo Estadual \u00e0s a\u00e7\u00f5es do programa, contendo informa\u00e7\u00f5es espec\u00edficas sobre sua origem e destina\u00e7\u00e3o.<\/p>\n<p style=\"text-align: justify;\">Para acessar os dados, todos os cadastros dever\u00e3o ser disponibilizados para consulta e para controle social, no site da Secretaria de Estado de Habita\u00e7\u00e3o.<\/p>\n<p style=\"text-align: justify;\">Acesse em:<strong> https:\/\/www.sehab.ms.gov.br\/<\/strong><\/p>\n<p>&nbsp;<\/p>\n","protected":false},"excerpt":{"rendered":"<p>Decreto publicada no Di\u00e1rio Oficial do Estado estabelece que para o enquadramento do Programa Minha Casa, Minha Vida ter\u00e3o prioridades fam\u00edlias com filho(s) em idade inferior a 18 (dezoito) anos, comprovado por documento de filia\u00e7\u00e3o. Tamb\u00e9m entram nesta lista as \u00a0fam\u00edlias constitu\u00edda somente pela m\u00e3e, somente pelo pai ou somente por um respons\u00e1vel legal por [&hellip;]<\/p>\n","protected":false},"author":2,"featured_media":0,"comment_status":"open","ping_status":"open","sticky":false,"template":"","format":"standard","meta":{"_monsterinsights_skip_tracking":false,"_monsterinsights_sitenote_active":false,"_monsterinsights_sitenote_note":"","_monsterinsights_sitenote_category":0},"categories":[15,74],"tags":[24567,859,23401,1377,1285,663,81,6587,24566,24568],"aioseo_notices":[],"_links":{"self":[{"href":"https:\/\/mspontocom.com.br\/site\/wp-json\/wp\/v2\/posts\/105640"}],"collection":[{"href":"https:\/\/mspontocom.com.br\/site\/wp-json\/wp\/v2\/posts"}],"about":[{"href":"https:\/\/mspontocom.com.br\/site\/wp-json\/wp\/v2\/types\/post"}],"author":[{"embeddable":true,"href":"https:\/\/mspontocom.com.br\/site\/wp-json\/wp\/v2\/users\/2"}],"replies":[{"embeddable":true,"href":"https:\/\/mspontocom.com.br\/site\/wp-json\/wp\/v2\/comments?post=105640"}],"version-history":[{"count":0,"href":"https:\/\/mspontocom.com.br\/site\/wp-json\/wp\/v2\/posts\/105640\/revisions"}],"wp:attachment":[{"href":"https:\/\/mspontocom.com.br\/site\/wp-json\/wp\/v2\/media?parent=105640"}],"wp:term":[{"taxonomy":"category","embeddable":true,"href":"https:\/\/mspontocom.com.br\/site\/wp-json\/wp\/v2\/categories?post=105640"},{"taxonomy":"post_tag","embeddable":true,"href":"https:\/\/mspontocom.com.br\/site\/wp-json\/wp\/v2\/tags?post=105640"}],"curies":[{"name":"wp","href":"https:\/\/api.w.org\/{rel}","templated":true}]}}